{"id":136925,"date":"2023-12-21T20:12:47","date_gmt":"2023-12-21T23:12:47","guid":{"rendered":"https:\/\/www.appisindicato.com.br\/site\/?p=136925"},"modified":"2023-12-21T20:13:40","modified_gmt":"2023-12-21T23:13:40","slug":"categoria-delibera-sobre-campanha-salarial-em-dia-de-assembleias","status":"publish","type":"post","link":"https:\/\/www.appisindicato.com.br\/site\/2023\/12\/21\/categoria-delibera-sobre-campanha-salarial-em-dia-de-assembleias\/","title":{"rendered":"Categoria delibera sobre campanha salarial em dia de assembleias"},"content":{"rendered":"<p>Em assembleia dupla realizada hoje (21) na sede da APPI\/APLB, a categoria deliberou sobre dois temas. O primeiro, o texto base da pauta da campanha salarial, foi aprovado por unanimidade pela categoria e segue agora para an\u00e1lise do governo. O segundo tema trata da contraproposta do plano de cargos, carreira e sal\u00e1rios do magist\u00e9rio municipal de Ilh\u00e9us. Aprovada por unanimidade, ser\u00e1 apresentada ao executivo. Ficou decidido ainda que, caso haja alguma rejei\u00e7\u00e3o por parte do governo, ser\u00e1 convocada de imediato uma assembleia com a categoria.<a href=\"https:\/\/www.appisindicato.com.br\/site\/wp-content\/uploads\/2023\/12\/149b26f6-485c-458b-9d58-f0c5f1e6c90d-1.jpg\" class=\"gallery_colorbox\"><img loading=\"lazy\" class=\"size-full wp-image-136931 aligncenter\" src=\"https:\/\/www.appisindicato.com.br\/site\/wp-content\/uploads\/2023\/12\/149b26f6-485c-458b-9d58-f0c5f1e6c90d-1.jpg\"  alt=\"\" width=\"800\" height=\"600\" srcset=\"https:\/\/www.appisindicato.com.br\/site\/wp-content\/uploads\/2023\/12\/149b26f6-485c-458b-9d58-f0c5f1e6c90d-1.jpg 800w, https:\/\/www.appisindicato.com.br\/site\/wp-content\/uploads\/2023\/12\/149b26f6-485c-458b-9d58-f0c5f1e6c90d-1-300x225.jpg 300w, https:\/\/www.appisindicato.com.br\/site\/wp-content\/uploads\/2023\/12\/149b26f6-485c-458b-9d58-f0c5f1e6c90d-1-768x576.jpg 768w, https:\/\/www.appisindicato.com.br\/site\/wp-content\/uploads\/2023\/12\/149b26f6-485c-458b-9d58-f0c5f1e6c90d-1-180x135.jpg 180w, https:\/\/www.appisindicato.com.br\/site\/wp-content\/uploads\/2023\/12\/149b26f6-485c-458b-9d58-f0c5f1e6c90d-1-400x300.jpg 400w, https:\/\/www.appisindicato.com.br\/site\/wp-content\/uploads\/2023\/12\/149b26f6-485c-458b-9d58-f0c5f1e6c90d-1-600x450.jpg 600w\" sizes=\"(max-width: 800px) 100vw, 800px\" \/><\/a><a href=\"https:\/\/www.appisindicato.com.br\/site\/wp-content\/uploads\/2023\/12\/0ef6cc8b-fdd7-444b-96f6-24c202ad4e34.jpg\" class=\"gallery_colorbox\"><img loading=\"lazy\" class=\"size-full wp-image-136929 aligncenter\" src=\"https:\/\/www.appisindicato.com.br\/site\/wp-content\/uploads\/2023\/12\/0ef6cc8b-fdd7-444b-96f6-24c202ad4e34.jpg\"  alt=\"\" width=\"800\" height=\"600\" srcset=\"https:\/\/www.appisindicato.com.br\/site\/wp-content\/uploads\/2023\/12\/0ef6cc8b-fdd7-444b-96f6-24c202ad4e34.jpg 800w, https:\/\/www.appisindicato.com.br\/site\/wp-content\/uploads\/2023\/12\/0ef6cc8b-fdd7-444b-96f6-24c202ad4e34-300x225.jpg 300w, https:\/\/www.appisindicato.com.br\/site\/wp-content\/uploads\/2023\/12\/0ef6cc8b-fdd7-444b-96f6-24c202ad4e34-768x576.jpg 768w, https:\/\/www.appisindicato.com.br\/site\/wp-content\/uploads\/2023\/12\/0ef6cc8b-fdd7-444b-96f6-24c202ad4e34-180x135.jpg 180w, https:\/\/www.appisindicato.com.br\/site\/wp-content\/uploads\/2023\/12\/0ef6cc8b-fdd7-444b-96f6-24c202ad4e34-400x300.jpg 400w, https:\/\/www.appisindicato.com.br\/site\/wp-content\/uploads\/2023\/12\/0ef6cc8b-fdd7-444b-96f6-24c202ad4e34-600x450.jpg 600w\" sizes=\"(max-width: 800px) 100vw, 800px\" \/><\/a><a href=\"https:\/\/www.appisindicato.com.br\/site\/wp-content\/uploads\/2023\/12\/11f24854-db8b-46e3-a4e3-3c9e4228ee7a.jpg\" class=\"gallery_colorbox\"><img loading=\"lazy\" class=\"size-full wp-image-136930 aligncenter\" src=\"https:\/\/www.appisindicato.com.br\/site\/wp-content\/uploads\/2023\/12\/11f24854-db8b-46e3-a4e3-3c9e4228ee7a.jpg\"  alt=\"\" width=\"800\" height=\"581\" srcset=\"https:\/\/www.appisindicato.com.br\/site\/wp-content\/uploads\/2023\/12\/11f24854-db8b-46e3-a4e3-3c9e4228ee7a.jpg 800w, https:\/\/www.appisindicato.com.br\/site\/wp-content\/uploads\/2023\/12\/11f24854-db8b-46e3-a4e3-3c9e4228ee7a-300x218.jpg 300w, https:\/\/www.appisindicato.com.br\/site\/wp-content\/uploads\/2023\/12\/11f24854-db8b-46e3-a4e3-3c9e4228ee7a-768x558.jpg 768w\" sizes=\"(max-width: 800px) 100vw, 800px\" \/><\/a><\/p>\n","protected":false},"excerpt":{"rendered":"<p>Em assembleia dupla realizada hoje (21) na sede da APPI\/APLB, a categoria deliberou sobre dois temas. O primeiro, o texto base da pauta da campanha salarial, foi aprovado por unanimidade pela categoria e segue agora para an\u00e1lise do governo. O segundo tema trata da contraproposta do plano de cargos, carreira e sal\u00e1rios do magist\u00e9rio municipal de Ilh\u00e9us. Aprovada por unanimidade, ser\u00e1 apresentada ao executivo. Ficou decidido ainda que, caso haja alguma rejei\u00e7\u00e3o por parte do governo, ser\u00e1 convocada de imediato uma assembleia com a categoria.<\/p>\n","protected":false},"author":2,"featured_media":136927,"comment_status":"open","ping_status":"closed","sticky":false,"template":"","format":"standard","meta":[],"categories":[1],"tags":[4256,4373,4422,4370],"_links":{"self":[{"href":"https:\/\/www.appisindicato.com.br\/site\/wp-json\/wp\/v2\/posts\/136925"}],"collection":[{"href":"https:\/\/www.appisindicato.com.br\/site\/wp-json\/wp\/v2\/posts"}],"about":[{"href":"https:\/\/www.appisindicato.com.br\/site\/wp-json\/wp\/v2\/types\/post"}],"author":[{"embeddable":true,"href":"https:\/\/www.appisindicato.com.br\/site\/wp-json\/wp\/v2\/users\/2"}],"replies":[{"embeddable":true,"href":"https:\/\/www.appisindicato.com.br\/site\/wp-json\/wp\/v2\/comments?post=136925"}],"version-history":[{"count":3,"href":"https:\/\/www.appisindicato.com.br\/site\/wp-json\/wp\/v2\/posts\/136925\/revisions"}],"predecessor-version":[{"id":136933,"href":"https:\/\/www.appisindicato.com.br\/site\/wp-json\/wp\/v2\/posts\/136925\/revisions\/136933"}],"wp:featuredmedia":[{"embeddable":true,"href":"https:\/\/www.appisindicato.com.br\/site\/wp-json\/wp\/v2\/media\/136927"}],"wp:attachment":[{"href":"https:\/\/www.appisindicato.com.br\/site\/wp-json\/wp\/v2\/media?parent=136925"}],"wp:term":[{"taxonomy":"category","embeddable":true,"href":"https:\/\/www.appisindicato.com.br\/site\/wp-json\/wp\/v2\/categories?post=136925"},{"taxonomy":"post_tag","embeddable":true,"href":"https:\/\/www.appisindicato.com.br\/site\/wp-json\/wp\/v2\/tags?post=136925"}],"curies":[{"name":"wp","href":"https:\/\/api.w.org\/{rel}","templated":true}]}}