{"id":137292,"date":"2024-03-12T14:23:31","date_gmt":"2024-03-12T17:23:31","guid":{"rendered":"https:\/\/www.appisindicato.com.br\/site\/?p=137292"},"modified":"2024-03-12T14:24:44","modified_gmt":"2024-03-12T17:24:44","slug":"sindicato-debate-sobre-numero-de-turmas-com-supervisores-e-orientadores-da-rede-municipal","status":"publish","type":"post","link":"https:\/\/www.appisindicato.com.br\/site\/2024\/03\/12\/sindicato-debate-sobre-numero-de-turmas-com-supervisores-e-orientadores-da-rede-municipal\/","title":{"rendered":"Sindicato debate sobre n\u00famero de turmas com supervisores e orientadores da rede municipal"},"content":{"rendered":"<p>A APPI\/APLB participou de reuni\u00e3o com supervisores e orientadores da rede municipal, na segunda-feira (12), para tratar da quantidade de turmas que cada profissional assumir\u00e1 na rede. Ficou estabelecido que haver\u00e1 um contato com a Secretaria de Educa\u00e7\u00e3o e a categoria para tratar do tema e uma nova reuni\u00e3o ser\u00e1 agendada.<\/p>\n","protected":false},"excerpt":{"rendered":"<p>A APPI\/APLB participou de reuni\u00e3o com supervisores e orientadores da rede municipal, na segunda-feira (12), para tratar da quantidade de turmas que cada profissional assumir\u00e1 na rede. Ficou estabelecido que haver\u00e1 um contato com a Secretaria de Educa\u00e7\u00e3o e a categoria para tratar do tema e uma nova reuni\u00e3o ser\u00e1 agendada.<\/p>\n","protected":false},"author":2,"featured_media":137294,"comment_status":"open","ping_status":"closed","sticky":false,"template":"","format":"standard","meta":[],"categories":[4446],"tags":[4256,4496,4287,4495,4494],"_links":{"self":[{"href":"https:\/\/www.appisindicato.com.br\/site\/wp-json\/wp\/v2\/posts\/137292"}],"collection":[{"href":"https:\/\/www.appisindicato.com.br\/site\/wp-json\/wp\/v2\/posts"}],"about":[{"href":"https:\/\/www.appisindicato.com.br\/site\/wp-json\/wp\/v2\/types\/post"}],"author":[{"embeddable":true,"href":"https:\/\/www.appisindicato.com.br\/site\/wp-json\/wp\/v2\/users\/2"}],"replies":[{"embeddable":true,"href":"https:\/\/www.appisindicato.com.br\/site\/wp-json\/wp\/v2\/comments?post=137292"}],"version-history":[{"count":2,"href":"https:\/\/www.appisindicato.com.br\/site\/wp-json\/wp\/v2\/posts\/137292\/revisions"}],"predecessor-version":[{"id":137295,"href":"https:\/\/www.appisindicato.com.br\/site\/wp-json\/wp\/v2\/posts\/137292\/revisions\/137295"}],"wp:featuredmedia":[{"embeddable":true,"href":"https:\/\/www.appisindicato.com.br\/site\/wp-json\/wp\/v2\/media\/137294"}],"wp:attachment":[{"href":"https:\/\/www.appisindicato.com.br\/site\/wp-json\/wp\/v2\/media?parent=137292"}],"wp:term":[{"taxonomy":"category","embeddable":true,"href":"https:\/\/www.appisindicato.com.br\/site\/wp-json\/wp\/v2\/categories?post=137292"},{"taxonomy":"post_tag","embeddable":true,"href":"https:\/\/www.appisindicato.com.br\/site\/wp-json\/wp\/v2\/tags?post=137292"}],"curies":[{"name":"wp","href":"https:\/\/api.w.org\/{rel}","templated":true}]}}