{"id":137309,"date":"2024-03-19T19:11:04","date_gmt":"2024-03-19T22:11:04","guid":{"rendered":"https:\/\/www.appisindicato.com.br\/site\/?p=137309"},"modified":"2024-03-19T19:19:13","modified_gmt":"2024-03-19T22:19:13","slug":"documento-final-da-conae-2024-e-oficialmente-entregue-ao-ministro-da-educacao","status":"publish","type":"post","link":"https:\/\/www.appisindicato.com.br\/site\/2024\/03\/19\/documento-final-da-conae-2024-e-oficialmente-entregue-ao-ministro-da-educacao\/","title":{"rendered":"Documento final da Conae 2024 \u00e9 oficialmente entregue ao ministro da Educa\u00e7\u00e3o"},"content":{"rendered":"<p>Mais um passo importante para a educa\u00e7\u00e3o b\u00e1sica p\u00fablica foi tomado na ter\u00e7a-feira (5), qunado o coordenador do F\u00f3rum Nacional de Educa\u00e7\u00e3o (FNE), e presidente da CNTE, Heleno Ara\u00fajo, entregou, oficialmente, o documento final da Confer\u00eancia Nacional de Educa\u00e7\u00e3o (Conae) 2024 ao ministro da Educa\u00e7\u00e3o, Camilo Santana.<\/p>\n<p>A cerim\u00f4nia ocorreu em Bras\u00edlia, na sede do Minist\u00e9rio da Educa\u00e7\u00e3o (MEC) e contou com a participa\u00e7\u00e3o de organiza\u00e7\u00f5es defensoras da educa\u00e7\u00e3o p\u00fablica, dirigentes de sindicatos da educa\u00e7\u00e3o, al\u00e9m de membros do poder p\u00fablico.<\/p>\n<p>O material \u00e9 resultado das discuss\u00f5es de delegados e delegadas que compuseram a etapa nacional da Conae, realizada entre 28 e 30 de janeiro, na capital federal Com a entrega, foi dado in\u00edcio \u00e0 contagem do prazo para elabora\u00e7\u00e3o do Projeto de Lei do Plano Nacional de Educa\u00e7\u00e3o do pr\u00f3ximo dec\u00eanio (PNE 2024-2023). O MEC ter\u00e1 30 dias para construir o PL que ser\u00e1 enviado para tramita\u00e7\u00e3o no Congresso Nacional.<\/p>\n<p><strong><a href=\"https:\/\/drive.google.com\/file\/d\/13vmP2rdmtZje0GtiCMqHHLOv8n4DrAkz\/view?usp=sharing\">&gt;ACESSE O DOCUMENTO NA \u00cdNTEGRA<\/a><\/strong><\/p>\n<p><a href=\"https:\/\/www.appisindicato.com.br\/site\/wp-content\/uploads\/2024\/03\/materia_08022024_2.jpg\" class=\"gallery_colorbox\"><img loading=\"lazy\" class=\"alignnone size-full wp-image-137311\" src=\"https:\/\/www.appisindicato.com.br\/site\/wp-content\/uploads\/2024\/03\/materia_08022024_2.jpg\"  alt=\"\" width=\"600\" height=\"450\" srcset=\"https:\/\/www.appisindicato.com.br\/site\/wp-content\/uploads\/2024\/03\/materia_08022024_2.jpg 600w, https:\/\/www.appisindicato.com.br\/site\/wp-content\/uploads\/2024\/03\/materia_08022024_2-300x225.jpg 300w, https:\/\/www.appisindicato.com.br\/site\/wp-content\/uploads\/2024\/03\/materia_08022024_2-180x135.jpg 180w, https:\/\/www.appisindicato.com.br\/site\/wp-content\/uploads\/2024\/03\/materia_08022024_2-400x300.jpg 400w\" sizes=\"(max-width: 600px) 100vw, 600px\" \/><\/a><\/p>\n<p><strong>A disputa continua no Congresso<\/strong><\/p>\n<p>Com o encerramento do prazo de vig\u00eancia do atual PNE, a aprova\u00e7\u00e3o da nova proposta se torna ainda mais urgente. Segundo Heleno, a meta \u00e9 que j\u00e1 em janeiro de 2025 o novo plano esteja em vigor no pa\u00eds.<\/p>\n<p>Ap\u00f3s conclus\u00e3o do PL, o projeto ser\u00e1 enviado pelo presidente Lula para debates na C\u00e2mara dos Deputados e no Senado Federal, onde a disputa pela aprova\u00e7\u00e3o integral do projeto continua. Com uma base de apoio em minoria entre os parlamentares, o processo exigir\u00e1 uma forte articula\u00e7\u00e3o popular. \u201cAgora, o momento \u00e9 de fazer ampla divulga\u00e7\u00e3o do Documento Final e nos prepararmos para fazer os enfrentamentos no Congresso Nacional\u201d, enfatiza Heleno.<\/p>\n<p>&nbsp;<\/p>\n<p><em>Com informa\u00e7\u00f5es do MEC (fotos: Lu\u00eds Fortes\/MEC)<\/em><\/p>\n<p>&nbsp;<\/p>\n","protected":false},"excerpt":{"rendered":"<p>Mais um passo importante para a educa\u00e7\u00e3o b\u00e1sica p\u00fablica foi tomado na ter\u00e7a-feira (5), qunado o coordenador do F\u00f3rum Nacional de Educa\u00e7\u00e3o (FNE), e presidente da CNTE, Heleno Ara\u00fajo, entregou, oficialmente, o documento final da Confer\u00eancia Nacional de Educa\u00e7\u00e3o (Conae) 2024 ao ministro da Educa\u00e7\u00e3o, Camilo Santana. A cerim\u00f4nia ocorreu em Bras\u00edlia, na sede do Minist\u00e9rio da Educa\u00e7\u00e3o (MEC) e contou com a participa\u00e7\u00e3o de organiza\u00e7\u00f5es defensoras da educa\u00e7\u00e3o p\u00fablica, dirigentes de sindicatos da educa\u00e7\u00e3o, al\u00e9m de membros do poder p\u00fablico. O material \u00e9 resultado das discuss\u00f5es de delegados e delegadas que compuseram a etapa nacional da Conae, realizada entre [&hellip;]<\/p>\n","protected":false},"author":2,"featured_media":137312,"comment_status":"open","ping_status":"closed","sticky":false,"template":"","format":"standard","meta":[],"categories":[1],"tags":[4256,4335,4499,4501,4500],"_links":{"self":[{"href":"https:\/\/www.appisindicato.com.br\/site\/wp-json\/wp\/v2\/posts\/137309"}],"collection":[{"href":"https:\/\/www.appisindicato.com.br\/site\/wp-json\/wp\/v2\/posts"}],"about":[{"href":"https:\/\/www.appisindicato.com.br\/site\/wp-json\/wp\/v2\/types\/post"}],"author":[{"embeddable":true,"href":"https:\/\/www.appisindicato.com.br\/site\/wp-json\/wp\/v2\/users\/2"}],"replies":[{"embeddable":true,"href":"https:\/\/www.appisindicato.com.br\/site\/wp-json\/wp\/v2\/comments?post=137309"}],"version-history":[{"count":2,"href":"https:\/\/www.appisindicato.com.br\/site\/wp-json\/wp\/v2\/posts\/137309\/revisions"}],"predecessor-version":[{"id":137313,"href":"https:\/\/www.appisindicato.com.br\/site\/wp-json\/wp\/v2\/posts\/137309\/revisions\/137313"}],"wp:featuredmedia":[{"embeddable":true,"href":"https:\/\/www.appisindicato.com.br\/site\/wp-json\/wp\/v2\/media\/137312"}],"wp:attachment":[{"href":"https:\/\/www.appisindicato.com.br\/site\/wp-json\/wp\/v2\/media?parent=137309"}],"wp:term":[{"taxonomy":"category","embeddable":true,"href":"https:\/\/www.appisindicato.com.br\/site\/wp-json\/wp\/v2\/categories?post=137309"},{"taxonomy":"post_tag","embeddable":true,"href":"https:\/\/www.appisindicato.com.br\/site\/wp-json\/wp\/v2\/tags?post=137309"}],"curies":[{"name":"wp","href":"https:\/\/api.w.org\/{rel}","templated":true}]}}