{"id":138522,"date":"2025-01-23T14:25:12","date_gmt":"2025-01-23T17:25:12","guid":{"rendered":"https:\/\/www.appisindicato.com.br\/site\/?p=138522"},"modified":"2025-01-23T14:26:24","modified_gmt":"2025-01-23T17:26:24","slug":"nota-de-pesar-27","status":"publish","type":"post","link":"https:\/\/www.appisindicato.com.br\/site\/2025\/01\/23\/nota-de-pesar-27\/","title":{"rendered":"NOTA DE PESAR"},"content":{"rendered":"<p>A APPI\/APLB lamenta, com pesar, a morte da sra. Enilda Maria Gomes, m\u00e3e de Marta Bandeira, orientadora educacional aposentada. O vel\u00f3rio foi na Igreja Santo Expedito, no Malhado e o sepultamento est\u00e1 sendo realizado no Cemir\u00e9rio Almada. Nossos sentimentos aos familiares e amigos.<\/p>\n<p><img loading=\"lazy\" class=\"aligncenter wp-image-138524 size-full\" src=\"https:\/\/www.appisindicato.com.br\/site\/wp-content\/uploads\/2025\/01\/WhatsApp-Image-2025-01-23-at-07.29.26-1.jpeg\" alt=\"\" width=\"800\" height=\"800\" srcset=\"https:\/\/www.appisindicato.com.br\/site\/wp-content\/uploads\/2025\/01\/WhatsApp-Image-2025-01-23-at-07.29.26-1.jpeg 800w, https:\/\/www.appisindicato.com.br\/site\/wp-content\/uploads\/2025\/01\/WhatsApp-Image-2025-01-23-at-07.29.26-1-300x300.jpeg 300w, https:\/\/www.appisindicato.com.br\/site\/wp-content\/uploads\/2025\/01\/WhatsApp-Image-2025-01-23-at-07.29.26-1-150x150.jpeg 150w, https:\/\/www.appisindicato.com.br\/site\/wp-content\/uploads\/2025\/01\/WhatsApp-Image-2025-01-23-at-07.29.26-1-768x768.jpeg 768w, https:\/\/www.appisindicato.com.br\/site\/wp-content\/uploads\/2025\/01\/WhatsApp-Image-2025-01-23-at-07.29.26-1-180x180.jpeg 180w, https:\/\/www.appisindicato.com.br\/site\/wp-content\/uploads\/2025\/01\/WhatsApp-Image-2025-01-23-at-07.29.26-1-400x400.jpeg 400w, https:\/\/www.appisindicato.com.br\/site\/wp-content\/uploads\/2025\/01\/WhatsApp-Image-2025-01-23-at-07.29.26-1-600x600.jpeg 600w\" sizes=\"(max-width: 800px) 100vw, 800px\" \/><\/p>\n","protected":false},"excerpt":{"rendered":"<p>A APPI\/APLB lamenta, com pesar, a morte da sra. Enilda Maria Gomes, m\u00e3e de Marta Bandeira, orientadora educacional aposentada. O vel\u00f3rio foi na Igreja Santo Expedito, no Malhado e o sepultamento est\u00e1 sendo realizado no Cemir\u00e9rio Almada. Nossos sentimentos aos familiares e amigos.<\/p>\n","protected":false},"author":2,"featured_media":138526,"comment_status":"open","ping_status":"closed","sticky":false,"template":"","format":"standard","meta":[],"categories":[4484],"tags":[4252,4519],"_links":{"self":[{"href":"https:\/\/www.appisindicato.com.br\/site\/wp-json\/wp\/v2\/posts\/138522"}],"collection":[{"href":"https:\/\/www.appisindicato.com.br\/site\/wp-json\/wp\/v2\/posts"}],"about":[{"href":"https:\/\/www.appisindicato.com.br\/site\/wp-json\/wp\/v2\/types\/post"}],"author":[{"embeddable":true,"href":"https:\/\/www.appisindicato.com.br\/site\/wp-json\/wp\/v2\/users\/2"}],"replies":[{"embeddable":true,"href":"https:\/\/www.appisindicato.com.br\/site\/wp-json\/wp\/v2\/comments?post=138522"}],"version-history":[{"count":1,"href":"https:\/\/www.appisindicato.com.br\/site\/wp-json\/wp\/v2\/posts\/138522\/revisions"}],"predecessor-version":[{"id":138525,"href":"https:\/\/www.appisindicato.com.br\/site\/wp-json\/wp\/v2\/posts\/138522\/revisions\/138525"}],"wp:featuredmedia":[{"embeddable":true,"href":"https:\/\/www.appisindicato.com.br\/site\/wp-json\/wp\/v2\/media\/138526"}],"wp:attachment":[{"href":"https:\/\/www.appisindicato.com.br\/site\/wp-json\/wp\/v2\/media?parent=138522"}],"wp:term":[{"taxonomy":"category","embeddable":true,"href":"https:\/\/www.appisindicato.com.br\/site\/wp-json\/wp\/v2\/categories?post=138522"},{"taxonomy":"post_tag","embeddable":true,"href":"https:\/\/www.appisindicato.com.br\/site\/wp-json\/wp\/v2\/tags?post=138522"}],"curies":[{"name":"wp","href":"https:\/\/api.w.org\/{rel}","templated":true}]}}