{"id":138534,"date":"2025-01-30T17:55:09","date_gmt":"2025-01-30T20:55:09","guid":{"rendered":"https:\/\/www.appisindicato.com.br\/site\/?p=138534"},"modified":"2025-01-30T17:59:20","modified_gmt":"2025-01-30T20:59:20","slug":"138534","status":"publish","type":"post","link":"https:\/\/www.appisindicato.com.br\/site\/2025\/01\/30\/138534\/","title":{"rendered":"APPI negocia direitos da categoria com gestores da educa\u00e7\u00e3o em Ilh\u00e9us"},"content":{"rendered":"<p>A diretoria da APPI\/APLB esteve reunida hoje (30) com a Secret\u00e1ria de Educa\u00e7\u00e3o, Evani Cavalcante, e o <span style=\"font-size: 19.4286px;\">Coordenador de Gestores da secretaria, <\/span><span style=\"font-size: 1.21429rem;\">Jailson Teles.<br \/>\n<\/span><\/p>\n<p><span style=\"font-size: 1.21429rem;\">A pauta tratou dos seguintes itens:<br \/>\n&#8211; O a<\/span>dicional noturno dos vigilantes (segundo a secretaria, foi pago na folha de janeiro);<br \/>\n&#8211; Horas extras e aulas suplementares dos n\u00e3o docentes e docentes: n\u00e3o foi dada uma espec\u00edfica para o pagamento. Haver\u00e1 nova reuni\u00e3o, na pr\u00f3xima semana, para dar continuidade \u00e0 negocia\u00e7\u00e3o;<br \/>\n&#8211; Pagamento da rescis\u00e3o contratual dos contratados de 2024: tamb\u00e9m sem data. Estar\u00e1 na pauta da pr\u00f3xima reuni\u00e3o.<br \/>\n&#8211; Edital de sele\u00e7\u00e3o dos contratados com a reserva da carga hor\u00e1ria em conformidade com a Lei do Piso 11.738\/2008.<\/p>\n<p>A APPI\/APLB cobrou o cumprimento da lei e da decis\u00e3o judicial atrav\u00e9s da a\u00e7\u00e3o judicial do sindicato. O edital dever\u00e1 ter previs\u00e3o de reserva da carga hor\u00e1ria. N\u00e3o haver\u00e1 a implementa\u00e7\u00e3o total da reserva, mas haver\u00e1 a redu\u00e7\u00e3o gradativa da carga hor\u00e1ria. Ainda n\u00e3o h\u00e1 a defini\u00e7\u00e3o do percentual da reserva para 2025. O sindicato vai continuar dialogando com a gest\u00e3o para garantir esse direito para todos os profissionais.<\/p>\n<p><img loading=\"lazy\" class=\"aligncenter wp-image-138537 size-full\" src=\"https:\/\/www.appisindicato.com.br\/site\/wp-content\/uploads\/2025\/01\/WhatsApp-Image-2025-01-30-at-15.28.22-1.jpeg\" alt=\"\" width=\"800\" height=\"600\" srcset=\"https:\/\/www.appisindicato.com.br\/site\/wp-content\/uploads\/2025\/01\/WhatsApp-Image-2025-01-30-at-15.28.22-1.jpeg 800w, https:\/\/www.appisindicato.com.br\/site\/wp-content\/uploads\/2025\/01\/WhatsApp-Image-2025-01-30-at-15.28.22-1-300x225.jpeg 300w, https:\/\/www.appisindicato.com.br\/site\/wp-content\/uploads\/2025\/01\/WhatsApp-Image-2025-01-30-at-15.28.22-1-768x576.jpeg 768w, https:\/\/www.appisindicato.com.br\/site\/wp-content\/uploads\/2025\/01\/WhatsApp-Image-2025-01-30-at-15.28.22-1-180x135.jpeg 180w, https:\/\/www.appisindicato.com.br\/site\/wp-content\/uploads\/2025\/01\/WhatsApp-Image-2025-01-30-at-15.28.22-1-400x300.jpeg 400w, https:\/\/www.appisindicato.com.br\/site\/wp-content\/uploads\/2025\/01\/WhatsApp-Image-2025-01-30-at-15.28.22-1-600x450.jpeg 600w\" sizes=\"(max-width: 800px) 100vw, 800px\" \/> <img loading=\"lazy\" class=\"aligncenter wp-image-138539 size-full\" src=\"https:\/\/www.appisindicato.com.br\/site\/wp-content\/uploads\/2025\/01\/WhatsApp-Image-2025-01-30-at-15.28.22.jpeg\" alt=\"\" width=\"800\" height=\"600\" srcset=\"https:\/\/www.appisindicato.com.br\/site\/wp-content\/uploads\/2025\/01\/WhatsApp-Image-2025-01-30-at-15.28.22.jpeg 800w, https:\/\/www.appisindicato.com.br\/site\/wp-content\/uploads\/2025\/01\/WhatsApp-Image-2025-01-30-at-15.28.22-300x225.jpeg 300w, https:\/\/www.appisindicato.com.br\/site\/wp-content\/uploads\/2025\/01\/WhatsApp-Image-2025-01-30-at-15.28.22-768x576.jpeg 768w, https:\/\/www.appisindicato.com.br\/site\/wp-content\/uploads\/2025\/01\/WhatsApp-Image-2025-01-30-at-15.28.22-180x135.jpeg 180w, https:\/\/www.appisindicato.com.br\/site\/wp-content\/uploads\/2025\/01\/WhatsApp-Image-2025-01-30-at-15.28.22-400x300.jpeg 400w, https:\/\/www.appisindicato.com.br\/site\/wp-content\/uploads\/2025\/01\/WhatsApp-Image-2025-01-30-at-15.28.22-600x450.jpeg 600w\" sizes=\"(max-width: 800px) 100vw, 800px\" \/> <img loading=\"lazy\" class=\"aligncenter wp-image-138540 size-full\" src=\"https:\/\/www.appisindicato.com.br\/site\/wp-content\/uploads\/2025\/01\/WhatsApp-Image-2025-01-30-at-15.28.23.jpeg\" alt=\"\" width=\"800\" height=\"600\" srcset=\"https:\/\/www.appisindicato.com.br\/site\/wp-content\/uploads\/2025\/01\/WhatsApp-Image-2025-01-30-at-15.28.23.jpeg 800w, https:\/\/www.appisindicato.com.br\/site\/wp-content\/uploads\/2025\/01\/WhatsApp-Image-2025-01-30-at-15.28.23-300x225.jpeg 300w, https:\/\/www.appisindicato.com.br\/site\/wp-content\/uploads\/2025\/01\/WhatsApp-Image-2025-01-30-at-15.28.23-768x576.jpeg 768w, https:\/\/www.appisindicato.com.br\/site\/wp-content\/uploads\/2025\/01\/WhatsApp-Image-2025-01-30-at-15.28.23-180x135.jpeg 180w, https:\/\/www.appisindicato.com.br\/site\/wp-content\/uploads\/2025\/01\/WhatsApp-Image-2025-01-30-at-15.28.23-400x300.jpeg 400w, https:\/\/www.appisindicato.com.br\/site\/wp-content\/uploads\/2025\/01\/WhatsApp-Image-2025-01-30-at-15.28.23-600x450.jpeg 600w\" sizes=\"(max-width: 800px) 100vw, 800px\" \/><\/p>\n","protected":false},"excerpt":{"rendered":"<p>A diretoria da APPI\/APLB esteve reunida hoje (30) com a Secret\u00e1ria de Educa\u00e7\u00e3o, Evani Cavalcante, e o Coordenador de Gestores da secretaria, Jailson Teles. A pauta tratou dos seguintes itens: &#8211; O adicional noturno dos vigilantes (segundo a secretaria, foi pago na folha de janeiro); &#8211; Horas extras e aulas suplementares dos n\u00e3o docentes e docentes: n\u00e3o foi dada uma espec\u00edfica para o pagamento. Haver\u00e1 nova reuni\u00e3o, na pr\u00f3xima semana, para dar continuidade \u00e0 negocia\u00e7\u00e3o; &#8211; Pagamento da rescis\u00e3o contratual dos contratados de 2024: tamb\u00e9m sem data. Estar\u00e1 na pauta da pr\u00f3xima reuni\u00e3o. &#8211; Edital de sele\u00e7\u00e3o dos contratados com [&hellip;]<\/p>\n","protected":false},"author":2,"featured_media":138535,"comment_status":"open","ping_status":"closed","sticky":false,"template":"","format":"standard","meta":[],"categories":[4446],"tags":[4666,4252,4448,4303,4020],"_links":{"self":[{"href":"https:\/\/www.appisindicato.com.br\/site\/wp-json\/wp\/v2\/posts\/138534"}],"collection":[{"href":"https:\/\/www.appisindicato.com.br\/site\/wp-json\/wp\/v2\/posts"}],"about":[{"href":"https:\/\/www.appisindicato.com.br\/site\/wp-json\/wp\/v2\/types\/post"}],"author":[{"embeddable":true,"href":"https:\/\/www.appisindicato.com.br\/site\/wp-json\/wp\/v2\/users\/2"}],"replies":[{"embeddable":true,"href":"https:\/\/www.appisindicato.com.br\/site\/wp-json\/wp\/v2\/comments?post=138534"}],"version-history":[{"count":5,"href":"https:\/\/www.appisindicato.com.br\/site\/wp-json\/wp\/v2\/posts\/138534\/revisions"}],"predecessor-version":[{"id":138544,"href":"https:\/\/www.appisindicato.com.br\/site\/wp-json\/wp\/v2\/posts\/138534\/revisions\/138544"}],"wp:featuredmedia":[{"embeddable":true,"href":"https:\/\/www.appisindicato.com.br\/site\/wp-json\/wp\/v2\/media\/138535"}],"wp:attachment":[{"href":"https:\/\/www.appisindicato.com.br\/site\/wp-json\/wp\/v2\/media?parent=138534"}],"wp:term":[{"taxonomy":"category","embeddable":true,"href":"https:\/\/www.appisindicato.com.br\/site\/wp-json\/wp\/v2\/categories?post=138534"},{"taxonomy":"post_tag","embeddable":true,"href":"https:\/\/www.appisindicato.com.br\/site\/wp-json\/wp\/v2\/tags?post=138534"}],"curies":[{"name":"wp","href":"https:\/\/api.w.org\/{rel}","templated":true}]}}