{"id":138677,"date":"2025-03-13T11:22:06","date_gmt":"2025-03-13T14:22:06","guid":{"rendered":"https:\/\/www.appisindicato.com.br\/site\/?p=138677"},"modified":"2025-03-13T11:22:06","modified_gmt":"2025-03-13T14:22:06","slug":"primeira-edicao-do-enem-dos-professores-sera-no-segundo-semestre","status":"publish","type":"post","link":"https:\/\/www.appisindicato.com.br\/site\/2025\/03\/13\/primeira-edicao-do-enem-dos-professores-sera-no-segundo-semestre\/","title":{"rendered":"Primeira edi\u00e7\u00e3o do Enem dos Professores ser\u00e1 no segundo semestre"},"content":{"rendered":"<p><strong>Minist\u00e9rio da Educa\u00e7\u00e3o (MEC) confirmou que a aplica\u00e7\u00e3o da Prova Nacional Docente (PND) ser\u00e1 no segundo semestre<\/strong>. O exame unificado poder\u00e1 ser usado pelas secretarias de Educa\u00e7\u00e3o dos estados, do Distrito Federal e dos munic\u00edpios para contratar professores nas redes p\u00fablicas de ensino.<img src=\"https:\/\/agenciabrasil.ebc.com.br\/ebc.png?id=1633592&amp;o=node\" \/><img src=\"https:\/\/agenciabrasil.ebc.com.br\/ebc.gif?id=1633592&amp;o=node\" \/><\/p>\n<p><strong>O PND ganhou o apelido de Enem dos Professores<\/strong>\u00a0porque poder\u00e1 concentrar a forma de ingresso no magist\u00e9rio da educa\u00e7\u00e3o b\u00e1sica p\u00fablica em todo o pa\u00eds, a exemplo do Exame Nacional do Ensino M\u00e9dio (Enem). O Enem se consolidou como a principal forma de ingresso em universidades p\u00fablicas e privadas, porque pode substituir os vestibulares.<\/p>\n<h2>Ades\u00e3o<\/h2>\n<p><strong>A ades\u00e3o \u00e0 Prova Nacional Docente (PND) \u00e9 volunt\u00e1ria.<\/strong>\u00a0As secretarias de Educa\u00e7\u00e3o podem confirmar o interesse na prova at\u00e9 17 de abril, como estabelece o\u00a0<a href=\"https:\/\/www.in.gov.br\/en\/web\/dou\/-\/edital-n-1-de-11-de-fevereiro-de-2025-612175010\" target=\"_blank\" rel=\"noopener\">edital do MEC para a ades\u00e3o<\/a>.<\/p>\n<p>Primeiramente, as secretarias de Educa\u00e7\u00e3o devem acessar o\u00a0<a href=\"http:\/\/https\/\/simec.mec.gov.br\/login.php\" target=\"_blank\" rel=\"noopener\">Sistema Integrado de Monitoramento Execu\u00e7\u00e3o e Controle (Simec)<\/a>\u00a0com seu login no portal Gov.br.<\/p>\n<p>Em seguida, no m\u00f3dulo Prova Nacional Docente (PND), o gestor municipal, estadual ou do Distrito Federal da \u00e1rea de educa\u00e7\u00e3o deve selecionar a aba Ades\u00e3o no menu principal e responder ao question\u00e1rio correspondente.<\/p>\n<p>Ap\u00f3s a confirma\u00e7\u00e3o da ades\u00e3o, a respectiva\u00a0<strong>secretaria de Educa\u00e7\u00e3o deve cadastrar o edital de sele\u00e7\u00e3o at\u00e9 25 de junho<\/strong>. O prazo para o cadastro foi aberto no s\u00e1bado (1\u00ba).<\/p>\n<p>As redes p\u00fablicas de ensino de todo o pa\u00eds podem usar os resultados da PND como mecanismo \u00fanico ou complementar de sele\u00e7\u00e3o de futuros docentes da educa\u00e7\u00e3o b\u00e1sica. Nesse caso, os estados, munic\u00edpios e o Distrito Federal podem estabelecer outros crit\u00e9rios de recrutamento, como prova pr\u00e1tica ou de t\u00edtulos.<\/p>\n<h2>Prova<\/h2>\n<p><strong>A Prova Nacional Docente usar\u00e1 como refer\u00eancia a prova do Exame Nacional de Desempenho dos Estudantes das Licenciaturas (Enade)<\/strong>, aplicado pelo Instituto Nacional de Estudos e Pesquisas Educacionais An\u00edsio Teixeira (Inep), desde 2024.<\/p>\n<p><strong>A inscri\u00e7\u00e3o no exame \u00e9 obrigat\u00f3ria a todos os concluintes de cursos de licenciaturas<\/strong>, que s\u00e3o aqueles formadores de professores da educa\u00e7\u00e3o b\u00e1sica.<\/p>\n<p>Anualmente, o Enade das Licenciaturas avalia as compet\u00eancias e as habilidades gerais e espec\u00edficas, necess\u00e1rias a quem se dedica ao ensino.<\/p>\n<p><strong>O Inep aplica o exame de forma descentralizada em todo o territ\u00f3rio nacional no m\u00eas de novembro.<\/strong><\/p>\n<h2>\u00c1reas avaliadas<\/h2>\n<p><strong>Todos os formandos que participam do Enade das Licenciaturas fazem dois tipos de avalia\u00e7\u00e3o<\/strong>: a te\u00f3rica, composta por quest\u00f5es de compet\u00eancias e habilidades gerais da forma\u00e7\u00e3o docente, e a pr\u00e1tica, desenvolvida pelos estudantes nos est\u00e1gios supervisionados obrigat\u00f3rios, com conte\u00fados espec\u00edficos das \u00e1reas avaliadas.<\/p>\n<p><strong>Para a primeira edi\u00e7\u00e3o da Prova Nacional Docente, o MEC estabeleceu que ser\u00e3o avaliadas 17 \u00e1reas do conhecimento<\/strong>: artes visuais; ci\u00eancias biol\u00f3gicas; ci\u00eancias sociais; computa\u00e7\u00e3o; educa\u00e7\u00e3o f\u00edsica; filosofia; f\u00edsica; geografia; hist\u00f3ria; letras (ingl\u00eas); letras (portugu\u00eas); letras (portugu\u00eas e espanhol); letras (portugu\u00eas e ingl\u00eas); matem\u00e1tica; m\u00fasica; pedagogia e qu\u00edmica.<\/p>\n<h2>PND<\/h2>\n<p>A Prova Nacional Docente \u00e9 um dos eixos do\u00a0<a href=\"https:\/\/agenciabrasil.ebc.com.br\/educacao\/noticia\/2025-01\/mais-professores-e-demanda-antiga-das-redes-e-da-categoria\" target=\"_blank\" rel=\"noopener\">Programa Mais Professores para o Brasil, lan\u00e7ado em janeiro deste ano<\/a>.<\/p>\n<p>O processo unificado para o ingresso de professores na rede p\u00fablica de ensino\u00a0<strong>foi apresentado pelo MEC e pelo Inep durante o Encontro de Novos Prefeitos e Novas Prefeitas<\/strong>, em fevereiro, em Bras\u00edlia.<\/p>\n<p>Al\u00e9m de contribuir para que os entes federativos selecionem profissionais mais qualificados para suas redes de ensino, o\u00a0<strong>exame tem o objetivo de ajudar a Uni\u00e3o, os estados, os munic\u00edpios e o Distrito Federal a formular e avaliar as pol\u00edticas p\u00fablicas de forma\u00e7\u00e3o inicial e continuada de professores<\/strong>\u00a0e permitir a autoavalia\u00e7\u00e3o dos participantes da prova.<\/p>\n<p><a href=\"https:\/\/www.gov.br\/mec\/pt-br\/mais-professores\/prova-nacional-docente\" target=\"_blank\" rel=\"noopener\">Saiba mais sobre a prova<\/a>.<\/p>\n<p><strong>Fonte: APLB\u00a0<\/strong><\/p>\n","protected":false},"excerpt":{"rendered":"<p>Minist\u00e9rio da Educa\u00e7\u00e3o (MEC) confirmou que a aplica\u00e7\u00e3o da Prova Nacional Docente (PND) ser\u00e1 no segundo semestre. O exame unificado poder\u00e1 ser usado pelas secretarias de Educa\u00e7\u00e3o dos estados, do Distrito Federal e dos munic\u00edpios para contratar professores nas redes p\u00fablicas de ensino. O PND ganhou o apelido de Enem dos Professores\u00a0porque poder\u00e1 concentrar a forma de ingresso no magist\u00e9rio da educa\u00e7\u00e3o b\u00e1sica p\u00fablica em todo o pa\u00eds, a exemplo do Exame Nacional do Ensino M\u00e9dio (Enem). O Enem se consolidou como a principal forma de ingresso em universidades p\u00fablicas e privadas, porque pode substituir os vestibulares. Ades\u00e3o A ades\u00e3o [&hellip;]<\/p>\n","protected":false},"author":2,"featured_media":138679,"comment_status":"open","ping_status":"closed","sticky":false,"template":"","format":"standard","meta":[],"categories":[1],"tags":[4403,4256,2726,4388],"_links":{"self":[{"href":"https:\/\/www.appisindicato.com.br\/site\/wp-json\/wp\/v2\/posts\/138677"}],"collection":[{"href":"https:\/\/www.appisindicato.com.br\/site\/wp-json\/wp\/v2\/posts"}],"about":[{"href":"https:\/\/www.appisindicato.com.br\/site\/wp-json\/wp\/v2\/types\/post"}],"author":[{"embeddable":true,"href":"https:\/\/www.appisindicato.com.br\/site\/wp-json\/wp\/v2\/users\/2"}],"replies":[{"embeddable":true,"href":"https:\/\/www.appisindicato.com.br\/site\/wp-json\/wp\/v2\/comments?post=138677"}],"version-history":[{"count":2,"href":"https:\/\/www.appisindicato.com.br\/site\/wp-json\/wp\/v2\/posts\/138677\/revisions"}],"predecessor-version":[{"id":138680,"href":"https:\/\/www.appisindicato.com.br\/site\/wp-json\/wp\/v2\/posts\/138677\/revisions\/138680"}],"wp:featuredmedia":[{"embeddable":true,"href":"https:\/\/www.appisindicato.com.br\/site\/wp-json\/wp\/v2\/media\/138679"}],"wp:attachment":[{"href":"https:\/\/www.appisindicato.com.br\/site\/wp-json\/wp\/v2\/media?parent=138677"}],"wp:term":[{"taxonomy":"category","embeddable":true,"href":"https:\/\/www.appisindicato.com.br\/site\/wp-json\/wp\/v2\/categories?post=138677"},{"taxonomy":"post_tag","embeddable":true,"href":"https:\/\/www.appisindicato.com.br\/site\/wp-json\/wp\/v2\/tags?post=138677"}],"curies":[{"name":"wp","href":"https:\/\/api.w.org\/{rel}","templated":true}]}}