{"id":138681,"date":"2025-03-17T14:04:17","date_gmt":"2025-03-17T17:04:17","guid":{"rendered":"https:\/\/www.appisindicato.com.br\/site\/?p=138681"},"modified":"2025-03-17T14:33:24","modified_gmt":"2025-03-17T17:33:24","slug":"nota-de-solidariedade-3","status":"publish","type":"post","link":"https:\/\/www.appisindicato.com.br\/site\/2025\/03\/17\/nota-de-solidariedade-3\/","title":{"rendered":"Nota de Solidariedade"},"content":{"rendered":"<p>A APPI\/APLB vem a p\u00fablico repudiar, veementemente, a a\u00e7\u00e3o da Pol\u00edcia Militar que prendeu, na manh\u00e3 de hoje (17), o professor Aderson Marcelo Borges Ferreira. A pris\u00e3o ocorreu no Centro de Ilh\u00e9us, durante manifesta\u00e7\u00e3o dos moradores dos distritos contra problemas no transporte p\u00fablico do munic\u00edpio.<\/p>\n<p>O professor filmava a manifesta\u00e7\u00e3o quando foi detido. Os policiais agiram sob protestos dos manifestantes e populares que passavam pelo local. Enquanto era encaminhado para a viatura, o professor se dirigiu aos populares: <span class=\"selectable-text copyable-text false\">&#8220;Eles tomaram meu celular. Todo mundo viu que est\u00e3o me levando porque eu estava filmando&#8221;. Nesse momento em que falava para os presentes, ele foi puxado por um dos policiais, pela gola da camisa, e levado para a viatura que seguiu em dire\u00e7\u00e3o \u00e0 Delegacia de Ilh\u00e9us.\u00a0<\/span><\/p>\n<p>A APPI\/APLB repudia essa pris\u00e3o arbitr\u00e1ria que fere direitos constitucionais de livre manifesta\u00e7\u00e3o. O sindicato acompanhar\u00e1 o caso com vistas \u00e0 garantia dos direitos do trabalhador e, mais uma vez, se solidariza com o professor que teve sua voz calada e seu livre tr\u00e2nsito cerceado na luta por melhores condi\u00e7\u00f5es do transporte p\u00fablico.<\/p>\n<p><strong>APPI\/APLB<\/strong><\/p>\n<p>Foto: reprodu\u00e7\u00e3o instagram &#8211; Ilh\u00e9us 24h<\/p>\n","protected":false},"excerpt":{"rendered":"<p>A APPI\/APLB vem a p\u00fablico repudiar, veementemente, a a\u00e7\u00e3o da Pol\u00edcia Militar que prendeu, na manh\u00e3 de hoje (17), o professor Aderson Marcelo Borges Ferreira. A pris\u00e3o ocorreu no Centro de Ilh\u00e9us, durante manifesta\u00e7\u00e3o dos moradores dos distritos contra problemas no transporte p\u00fablico do munic\u00edpio. O professor filmava a manifesta\u00e7\u00e3o quando foi detido. Os policiais agiram sob protestos dos manifestantes e populares que passavam pelo local. Enquanto era encaminhado para a viatura, o professor se dirigiu aos populares: &#8220;Eles tomaram meu celular. Todo mundo viu que est\u00e3o me levando porque eu estava filmando&#8221;. Nesse momento em que falava para os [&hellip;]<\/p>\n","protected":false},"author":2,"featured_media":138683,"comment_status":"open","ping_status":"closed","sticky":false,"template":"","format":"standard","meta":[],"categories":[1],"tags":[4252,4291,4678,4679,4416,4680],"_links":{"self":[{"href":"https:\/\/www.appisindicato.com.br\/site\/wp-json\/wp\/v2\/posts\/138681"}],"collection":[{"href":"https:\/\/www.appisindicato.com.br\/site\/wp-json\/wp\/v2\/posts"}],"about":[{"href":"https:\/\/www.appisindicato.com.br\/site\/wp-json\/wp\/v2\/types\/post"}],"author":[{"embeddable":true,"href":"https:\/\/www.appisindicato.com.br\/site\/wp-json\/wp\/v2\/users\/2"}],"replies":[{"embeddable":true,"href":"https:\/\/www.appisindicato.com.br\/site\/wp-json\/wp\/v2\/comments?post=138681"}],"version-history":[{"count":8,"href":"https:\/\/www.appisindicato.com.br\/site\/wp-json\/wp\/v2\/posts\/138681\/revisions"}],"predecessor-version":[{"id":138691,"href":"https:\/\/www.appisindicato.com.br\/site\/wp-json\/wp\/v2\/posts\/138681\/revisions\/138691"}],"wp:featuredmedia":[{"embeddable":true,"href":"https:\/\/www.appisindicato.com.br\/site\/wp-json\/wp\/v2\/media\/138683"}],"wp:attachment":[{"href":"https:\/\/www.appisindicato.com.br\/site\/wp-json\/wp\/v2\/media?parent=138681"}],"wp:term":[{"taxonomy":"category","embeddable":true,"href":"https:\/\/www.appisindicato.com.br\/site\/wp-json\/wp\/v2\/categories?post=138681"},{"taxonomy":"post_tag","embeddable":true,"href":"https:\/\/www.appisindicato.com.br\/site\/wp-json\/wp\/v2\/tags?post=138681"}],"curies":[{"name":"wp","href":"https:\/\/api.w.org\/{rel}","templated":true}]}}