{"id":138746,"date":"2025-03-26T16:00:06","date_gmt":"2025-03-26T19:00:06","guid":{"rendered":"https:\/\/www.appisindicato.com.br\/site\/?p=138746"},"modified":"2025-03-26T16:02:20","modified_gmt":"2025-03-26T19:02:20","slug":"appi-avanca-em-negociacao-da-campanha-salarial-em-itacare","status":"publish","type":"post","link":"https:\/\/www.appisindicato.com.br\/site\/2025\/03\/26\/appi-avanca-em-negociacao-da-campanha-salarial-em-itacare\/","title":{"rendered":"APPI avan\u00e7a em negocia\u00e7\u00e3o da campanha salarial em Itacar\u00e9"},"content":{"rendered":"<p>A APPI\/APLB\u00a0\u00a0<span style=\"font-size: 19.4286px;\">tratou de pautas relevantes para a categoria <\/span><span style=\"font-size: 1.21429rem;\">em reuni\u00e3o realizada, hoje (26), com o governo. <\/span>Como resultado do di\u00e1logo, foram feitos os seguintes encaminhamentos:<\/p>\n<p>&#8211;\u00a0 Reajuste Salarial: O prefeito comprometeu-se a encaminhar \u00e0 C\u00e2mara Municipal Projeto de Lei concedendo reajuste linear de 6,27% aos docentes, com retroatividade a janeiro de 2025. O sindicato vai<span style=\"font-size: 1.21429rem;\"> acompanhar atentamente a tramita\u00e7\u00e3o do projeto e dar\u00e1 continuidade \u00e0s discuss\u00f5es em defesa dos direitos da categoria.<\/span><\/p>\n<p>&#8211; Plano de Carreira: Foi acordada a manuten\u00e7\u00e3o da mesa de negocia\u00e7\u00e3o para a reformula\u00e7\u00e3o do Plano de Carreira dos profissionais da educa\u00e7\u00e3o, abrangendo docentes e n\u00e3o docentes.<\/p>\n<p><img loading=\"lazy\" class=\"aligncenter wp-image-138742 size-full\" src=\"https:\/\/www.appisindicato.com.br\/site\/wp-content\/uploads\/2025\/03\/WhatsApp-Image-2025-03-26-at-14.28.39.jpeg\" alt=\"\" width=\"800\" height=\"602\" srcset=\"https:\/\/www.appisindicato.com.br\/site\/wp-content\/uploads\/2025\/03\/WhatsApp-Image-2025-03-26-at-14.28.39.jpeg 800w, https:\/\/www.appisindicato.com.br\/site\/wp-content\/uploads\/2025\/03\/WhatsApp-Image-2025-03-26-at-14.28.39-300x226.jpeg 300w, https:\/\/www.appisindicato.com.br\/site\/wp-content\/uploads\/2025\/03\/WhatsApp-Image-2025-03-26-at-14.28.39-768x578.jpeg 768w, https:\/\/www.appisindicato.com.br\/site\/wp-content\/uploads\/2025\/03\/WhatsApp-Image-2025-03-26-at-14.28.39-180x135.jpeg 180w, https:\/\/www.appisindicato.com.br\/site\/wp-content\/uploads\/2025\/03\/WhatsApp-Image-2025-03-26-at-14.28.39-400x300.jpeg 400w\" sizes=\"(max-width: 800px) 100vw, 800px\" \/><\/p>\n<p><img loading=\"lazy\" class=\"aligncenter wp-image-138741 size-full\" src=\"https:\/\/www.appisindicato.com.br\/site\/wp-content\/uploads\/2025\/03\/WhatsApp-Image-2025-03-26-at-14.28.38.jpeg\" alt=\"\" width=\"800\" height=\"602\" srcset=\"https:\/\/www.appisindicato.com.br\/site\/wp-content\/uploads\/2025\/03\/WhatsApp-Image-2025-03-26-at-14.28.38.jpeg 800w, https:\/\/www.appisindicato.com.br\/site\/wp-content\/uploads\/2025\/03\/WhatsApp-Image-2025-03-26-at-14.28.38-300x226.jpeg 300w, https:\/\/www.appisindicato.com.br\/site\/wp-content\/uploads\/2025\/03\/WhatsApp-Image-2025-03-26-at-14.28.38-768x578.jpeg 768w, https:\/\/www.appisindicato.com.br\/site\/wp-content\/uploads\/2025\/03\/WhatsApp-Image-2025-03-26-at-14.28.38-180x135.jpeg 180w, https:\/\/www.appisindicato.com.br\/site\/wp-content\/uploads\/2025\/03\/WhatsApp-Image-2025-03-26-at-14.28.38-400x300.jpeg 400w\" sizes=\"(max-width: 800px) 100vw, 800px\" \/><\/p>\n","protected":false},"excerpt":{"rendered":"<p>A APPI\/APLB\u00a0\u00a0tratou de pautas relevantes para a categoria em reuni\u00e3o realizada, hoje (26), com o governo. Como resultado do di\u00e1logo, foram feitos os seguintes encaminhamentos: &#8211;\u00a0 Reajuste Salarial: O prefeito comprometeu-se a encaminhar \u00e0 C\u00e2mara Municipal Projeto de Lei concedendo reajuste linear de 6,27% aos docentes, com retroatividade a janeiro de 2025. O sindicato vai acompanhar atentamente a tramita\u00e7\u00e3o do projeto e dar\u00e1 continuidade \u00e0s discuss\u00f5es em defesa dos direitos da categoria. &#8211; Plano de Carreira: Foi acordada a manuten\u00e7\u00e3o da mesa de negocia\u00e7\u00e3o para a reformula\u00e7\u00e3o do Plano de Carreira dos profissionais da educa\u00e7\u00e3o, abrangendo docentes e n\u00e3o docentes.<\/p>\n","protected":false},"author":2,"featured_media":138740,"comment_status":"open","ping_status":"closed","sticky":false,"template":"","format":"standard","meta":[],"categories":[4297],"tags":[4252,107,4686,4440],"_links":{"self":[{"href":"https:\/\/www.appisindicato.com.br\/site\/wp-json\/wp\/v2\/posts\/138746"}],"collection":[{"href":"https:\/\/www.appisindicato.com.br\/site\/wp-json\/wp\/v2\/posts"}],"about":[{"href":"https:\/\/www.appisindicato.com.br\/site\/wp-json\/wp\/v2\/types\/post"}],"author":[{"embeddable":true,"href":"https:\/\/www.appisindicato.com.br\/site\/wp-json\/wp\/v2\/users\/2"}],"replies":[{"embeddable":true,"href":"https:\/\/www.appisindicato.com.br\/site\/wp-json\/wp\/v2\/comments?post=138746"}],"version-history":[{"count":1,"href":"https:\/\/www.appisindicato.com.br\/site\/wp-json\/wp\/v2\/posts\/138746\/revisions"}],"predecessor-version":[{"id":138747,"href":"https:\/\/www.appisindicato.com.br\/site\/wp-json\/wp\/v2\/posts\/138746\/revisions\/138747"}],"wp:featuredmedia":[{"embeddable":true,"href":"https:\/\/www.appisindicato.com.br\/site\/wp-json\/wp\/v2\/media\/138740"}],"wp:attachment":[{"href":"https:\/\/www.appisindicato.com.br\/site\/wp-json\/wp\/v2\/media?parent=138746"}],"wp:term":[{"taxonomy":"category","embeddable":true,"href":"https:\/\/www.appisindicato.com.br\/site\/wp-json\/wp\/v2\/categories?post=138746"},{"taxonomy":"post_tag","embeddable":true,"href":"https:\/\/www.appisindicato.com.br\/site\/wp-json\/wp\/v2\/tags?post=138746"}],"curies":[{"name":"wp","href":"https:\/\/api.w.org\/{rel}","templated":true}]}}