{"id":138770,"date":"2025-04-01T19:19:25","date_gmt":"2025-04-01T22:19:25","guid":{"rendered":"https:\/\/www.appisindicato.com.br\/site\/?p=138770"},"modified":"2025-04-01T19:19:25","modified_gmt":"2025-04-01T22:19:25","slug":"appi-negocia-plano-de-cargos-e-salarios-em-una","status":"publish","type":"post","link":"https:\/\/www.appisindicato.com.br\/site\/2025\/04\/01\/appi-negocia-plano-de-cargos-e-salarios-em-una\/","title":{"rendered":"APPI negocia Plano de Cargos e Sal\u00e1rios em Una"},"content":{"rendered":"<p>A Delegacia Regional Cacaueira iniciou, ontem (31\/03), as discuss\u00f5es\u00a0<span style=\"font-size: 19.4286px;\">referentes ao N\u00facleo de Una:<\/span><span style=\"font-size: 1.21429rem;\">\u00a0a situa\u00e7\u00e3o das escolas, a reforma do Plano de Cargos e Sal\u00e1rios do Magist\u00e9rio e a constru\u00e7\u00e3o e aprova\u00e7\u00e3o pela C\u00e2mara de Vereadores do Plano de Cargos e Sal\u00e1rios dos n\u00e3o docentes.<\/span><\/p>\n<p>Uma nova reuni\u00e3o foi marcada para <strong>14\/04\u00a0<\/strong> para dar continuidade ao processo.<\/p>\n<p>Atenciosamente,<br \/>\nDiretoria da APPI\/APLB.<\/p>\n<p><img loading=\"lazy\" class=\"alignnone size-medium wp-image-138773\" src=\"https:\/\/www.appisindicato.com.br\/site\/wp-content\/uploads\/2025\/04\/WhatsApp-Image-2025-04-01-at-15.33.52-1-300x225.jpeg\" alt=\"\" width=\"300\" height=\"225\" srcset=\"https:\/\/www.appisindicato.com.br\/site\/wp-content\/uploads\/2025\/04\/WhatsApp-Image-2025-04-01-at-15.33.52-1-300x225.jpeg 300w, https:\/\/www.appisindicato.com.br\/site\/wp-content\/uploads\/2025\/04\/WhatsApp-Image-2025-04-01-at-15.33.52-1-768x576.jpeg 768w, https:\/\/www.appisindicato.com.br\/site\/wp-content\/uploads\/2025\/04\/WhatsApp-Image-2025-04-01-at-15.33.52-1-180x135.jpeg 180w, https:\/\/www.appisindicato.com.br\/site\/wp-content\/uploads\/2025\/04\/WhatsApp-Image-2025-04-01-at-15.33.52-1-400x300.jpeg 400w, https:\/\/www.appisindicato.com.br\/site\/wp-content\/uploads\/2025\/04\/WhatsApp-Image-2025-04-01-at-15.33.52-1-600x450.jpeg 600w, https:\/\/www.appisindicato.com.br\/site\/wp-content\/uploads\/2025\/04\/WhatsApp-Image-2025-04-01-at-15.33.52-1.jpeg 800w\" sizes=\"(max-width: 300px) 100vw, 300px\" \/> <img loading=\"lazy\" class=\"alignnone size-medium wp-image-138774\" src=\"https:\/\/www.appisindicato.com.br\/site\/wp-content\/uploads\/2025\/04\/WhatsApp-Image-2025-04-01-at-15.33.52-300x225.jpeg\" alt=\"\" width=\"300\" height=\"225\" srcset=\"https:\/\/www.appisindicato.com.br\/site\/wp-content\/uploads\/2025\/04\/WhatsApp-Image-2025-04-01-at-15.33.52-300x225.jpeg 300w, https:\/\/www.appisindicato.com.br\/site\/wp-content\/uploads\/2025\/04\/WhatsApp-Image-2025-04-01-at-15.33.52-768x576.jpeg 768w, https:\/\/www.appisindicato.com.br\/site\/wp-content\/uploads\/2025\/04\/WhatsApp-Image-2025-04-01-at-15.33.52-180x135.jpeg 180w, https:\/\/www.appisindicato.com.br\/site\/wp-content\/uploads\/2025\/04\/WhatsApp-Image-2025-04-01-at-15.33.52-400x300.jpeg 400w, https:\/\/www.appisindicato.com.br\/site\/wp-content\/uploads\/2025\/04\/WhatsApp-Image-2025-04-01-at-15.33.52-600x450.jpeg 600w, https:\/\/www.appisindicato.com.br\/site\/wp-content\/uploads\/2025\/04\/WhatsApp-Image-2025-04-01-at-15.33.52.jpeg 800w\" sizes=\"(max-width: 300px) 100vw, 300px\" \/><\/p>\n","protected":false},"excerpt":{"rendered":"<p>A Delegacia Regional Cacaueira iniciou, ontem (31\/03), as discuss\u00f5es\u00a0referentes ao N\u00facleo de Una:\u00a0a situa\u00e7\u00e3o das escolas, a reforma do Plano de Cargos e Sal\u00e1rios do Magist\u00e9rio e a constru\u00e7\u00e3o e aprova\u00e7\u00e3o pela C\u00e2mara de Vereadores do Plano de Cargos e Sal\u00e1rios dos n\u00e3o docentes. Uma nova reuni\u00e3o foi marcada para 14\/04\u00a0 para dar continuidade ao processo. Atenciosamente, Diretoria da APPI\/APLB.<\/p>\n","protected":false},"author":2,"featured_media":138772,"comment_status":"open","ping_status":"closed","sticky":false,"template":"","format":"standard","meta":[],"categories":[1],"tags":[4252,4284,4686,4395],"_links":{"self":[{"href":"https:\/\/www.appisindicato.com.br\/site\/wp-json\/wp\/v2\/posts\/138770"}],"collection":[{"href":"https:\/\/www.appisindicato.com.br\/site\/wp-json\/wp\/v2\/posts"}],"about":[{"href":"https:\/\/www.appisindicato.com.br\/site\/wp-json\/wp\/v2\/types\/post"}],"author":[{"embeddable":true,"href":"https:\/\/www.appisindicato.com.br\/site\/wp-json\/wp\/v2\/users\/2"}],"replies":[{"embeddable":true,"href":"https:\/\/www.appisindicato.com.br\/site\/wp-json\/wp\/v2\/comments?post=138770"}],"version-history":[{"count":1,"href":"https:\/\/www.appisindicato.com.br\/site\/wp-json\/wp\/v2\/posts\/138770\/revisions"}],"predecessor-version":[{"id":138775,"href":"https:\/\/www.appisindicato.com.br\/site\/wp-json\/wp\/v2\/posts\/138770\/revisions\/138775"}],"wp:featuredmedia":[{"embeddable":true,"href":"https:\/\/www.appisindicato.com.br\/site\/wp-json\/wp\/v2\/media\/138772"}],"wp:attachment":[{"href":"https:\/\/www.appisindicato.com.br\/site\/wp-json\/wp\/v2\/media?parent=138770"}],"wp:term":[{"taxonomy":"category","embeddable":true,"href":"https:\/\/www.appisindicato.com.br\/site\/wp-json\/wp\/v2\/categories?post=138770"},{"taxonomy":"post_tag","embeddable":true,"href":"https:\/\/www.appisindicato.com.br\/site\/wp-json\/wp\/v2\/tags?post=138770"}],"curies":[{"name":"wp","href":"https:\/\/api.w.org\/{rel}","templated":true}]}}