{"id":138794,"date":"2025-04-07T21:30:06","date_gmt":"2025-04-08T00:30:06","guid":{"rendered":"https:\/\/www.appisindicato.com.br\/site\/?p=138794"},"modified":"2025-04-07T21:30:35","modified_gmt":"2025-04-08T00:30:35","slug":"nota-de-pesar-30","status":"publish","type":"post","link":"https:\/\/www.appisindicato.com.br\/site\/2025\/04\/07\/nota-de-pesar-30\/","title":{"rendered":"NOTA DE PESAR"},"content":{"rendered":"<p>A APPI\/APLB lamenta, com pesar, o falecimento de Francisco de Sales Souza Estrela, pai de nossa colega Selma Estrela, ex-diretora do sindicato e professora das redes municipal e estadual. O vel\u00f3rio est\u00e1 acontecendo na Funer\u00e1ria SAF, em Ilh\u00e9us, e o sepultamento ser\u00e1 amanh\u00e3 (08), \u00e0s 10h30, no Cemit\u00e9rio do Pontal. Nossos sinceros sentimentos aos familiares e amigos.<\/p>\n<p><img loading=\"lazy\" class=\"aligncenter wp-image-138795 size-full\" src=\"https:\/\/www.appisindicato.com.br\/site\/wp-content\/uploads\/2025\/04\/WhatsApp-Image-2025-04-07-at-20.48.10.jpeg\" alt=\"\" width=\"797\" height=\"800\" srcset=\"https:\/\/www.appisindicato.com.br\/site\/wp-content\/uploads\/2025\/04\/WhatsApp-Image-2025-04-07-at-20.48.10.jpeg 797w, https:\/\/www.appisindicato.com.br\/site\/wp-content\/uploads\/2025\/04\/WhatsApp-Image-2025-04-07-at-20.48.10-300x300.jpeg 300w, https:\/\/www.appisindicato.com.br\/site\/wp-content\/uploads\/2025\/04\/WhatsApp-Image-2025-04-07-at-20.48.10-150x150.jpeg 150w, https:\/\/www.appisindicato.com.br\/site\/wp-content\/uploads\/2025\/04\/WhatsApp-Image-2025-04-07-at-20.48.10-768x771.jpeg 768w, https:\/\/www.appisindicato.com.br\/site\/wp-content\/uploads\/2025\/04\/WhatsApp-Image-2025-04-07-at-20.48.10-180x180.jpeg 180w\" sizes=\"(max-width: 797px) 100vw, 797px\" \/><\/p>\n","protected":false},"excerpt":{"rendered":"<p>A APPI\/APLB lamenta, com pesar, o falecimento de Francisco de Sales Souza Estrela, pai de nossa colega Selma Estrela, ex-diretora do sindicato e professora das redes municipal e estadual. O vel\u00f3rio est\u00e1 acontecendo na Funer\u00e1ria SAF, em Ilh\u00e9us, e o sepultamento ser\u00e1 amanh\u00e3 (08), \u00e0s 10h30, no Cemit\u00e9rio do Pontal. Nossos sinceros sentimentos aos familiares e amigos.<\/p>\n","protected":false},"author":2,"featured_media":138795,"comment_status":"open","ping_status":"closed","sticky":false,"template":"","format":"standard","meta":[],"categories":[4484],"tags":[4252,4519],"_links":{"self":[{"href":"https:\/\/www.appisindicato.com.br\/site\/wp-json\/wp\/v2\/posts\/138794"}],"collection":[{"href":"https:\/\/www.appisindicato.com.br\/site\/wp-json\/wp\/v2\/posts"}],"about":[{"href":"https:\/\/www.appisindicato.com.br\/site\/wp-json\/wp\/v2\/types\/post"}],"author":[{"embeddable":true,"href":"https:\/\/www.appisindicato.com.br\/site\/wp-json\/wp\/v2\/users\/2"}],"replies":[{"embeddable":true,"href":"https:\/\/www.appisindicato.com.br\/site\/wp-json\/wp\/v2\/comments?post=138794"}],"version-history":[{"count":1,"href":"https:\/\/www.appisindicato.com.br\/site\/wp-json\/wp\/v2\/posts\/138794\/revisions"}],"predecessor-version":[{"id":138796,"href":"https:\/\/www.appisindicato.com.br\/site\/wp-json\/wp\/v2\/posts\/138794\/revisions\/138796"}],"wp:featuredmedia":[{"embeddable":true,"href":"https:\/\/www.appisindicato.com.br\/site\/wp-json\/wp\/v2\/media\/138795"}],"wp:attachment":[{"href":"https:\/\/www.appisindicato.com.br\/site\/wp-json\/wp\/v2\/media?parent=138794"}],"wp:term":[{"taxonomy":"category","embeddable":true,"href":"https:\/\/www.appisindicato.com.br\/site\/wp-json\/wp\/v2\/categories?post=138794"},{"taxonomy":"post_tag","embeddable":true,"href":"https:\/\/www.appisindicato.com.br\/site\/wp-json\/wp\/v2\/tags?post=138794"}],"curies":[{"name":"wp","href":"https:\/\/api.w.org\/{rel}","templated":true}]}}