{"id":138870,"date":"2025-04-25T14:18:32","date_gmt":"2025-04-25T17:18:32","guid":{"rendered":"https:\/\/www.appisindicato.com.br\/site\/?p=138870"},"modified":"2025-04-25T14:26:43","modified_gmt":"2025-04-25T17:26:43","slug":"appi-realiza-assembleia-sobre-precatorios-do-fundef-em-urucuca","status":"publish","type":"post","link":"https:\/\/www.appisindicato.com.br\/site\/2025\/04\/25\/appi-realiza-assembleia-sobre-precatorios-do-fundef-em-urucuca\/","title":{"rendered":"APPI realiza assembleia sobre precat\u00f3rios do Fundef em Uru\u00e7uca"},"content":{"rendered":"<p>A APPI\/APLB realizou hoje (25) uma assembleia no N\u00facleo de Uru\u00e7uca para atualizar a categoria sobre a a\u00e7\u00e3o do precat\u00f3rio do FUNDEF. Durante a reuni\u00e3o, o advogado Vanderlei Veras, participando via Zoom, esclareceu: o valor alegado como d\u00e9bito pela Prefeitura foi contestado, mas j\u00e1 foi pedida a execu\u00e7\u00e3o; a Uni\u00e3o, outra parte envolvida no processo, n\u00e3o julgou o caso at\u00e9 02 de abril, o que significa, na pr\u00e1tica, que o valor n\u00e3o entrar\u00e1 no or\u00e7amento de 2026; o pr\u00f3ximo passo \u00e9 cobrar do juiz um parecer para que o valor seja inclu\u00eddo no or\u00e7amento da Uni\u00e3o de 2027, viabilizando as habilita\u00e7\u00f5es.<\/p>\n<p>O sindicato orienta os filiados que, em caso de d\u00favida, procurem a dire\u00e7\u00e3o para mais esclarecimentos.<\/p>\n<p><img loading=\"lazy\" class=\"aligncenter wp-image-138873 size-full\" src=\"https:\/\/www.appisindicato.com.br\/site\/wp-content\/uploads\/2025\/04\/e601d5e5-801d-40d5-8672-5dfbdc18ab57.jpg\" alt=\"\" width=\"800\" height=\"362\" srcset=\"https:\/\/www.appisindicato.com.br\/site\/wp-content\/uploads\/2025\/04\/e601d5e5-801d-40d5-8672-5dfbdc18ab57.jpg 800w, https:\/\/www.appisindicato.com.br\/site\/wp-content\/uploads\/2025\/04\/e601d5e5-801d-40d5-8672-5dfbdc18ab57-300x136.jpg 300w, https:\/\/www.appisindicato.com.br\/site\/wp-content\/uploads\/2025\/04\/e601d5e5-801d-40d5-8672-5dfbdc18ab57-768x348.jpg 768w\" sizes=\"(max-width: 800px) 100vw, 800px\" \/> <img loading=\"lazy\" class=\"aligncenter wp-image-138874 size-full\" src=\"https:\/\/www.appisindicato.com.br\/site\/wp-content\/uploads\/2025\/04\/0403a928-0b9d-4e1c-a480-60a25cfac908.jpg\" alt=\"\" width=\"800\" height=\"466\" srcset=\"https:\/\/www.appisindicato.com.br\/site\/wp-content\/uploads\/2025\/04\/0403a928-0b9d-4e1c-a480-60a25cfac908.jpg 800w, https:\/\/www.appisindicato.com.br\/site\/wp-content\/uploads\/2025\/04\/0403a928-0b9d-4e1c-a480-60a25cfac908-300x175.jpg 300w, https:\/\/www.appisindicato.com.br\/site\/wp-content\/uploads\/2025\/04\/0403a928-0b9d-4e1c-a480-60a25cfac908-768x447.jpg 768w\" sizes=\"(max-width: 800px) 100vw, 800px\" \/> <img loading=\"lazy\" class=\"aligncenter wp-image-138875 size-full\" src=\"https:\/\/www.appisindicato.com.br\/site\/wp-content\/uploads\/2025\/04\/7eaf14c3-7dca-42bc-8b9e-5d4e4a77bf82.jpg\" alt=\"\" width=\"800\" height=\"450\" srcset=\"https:\/\/www.appisindicato.com.br\/site\/wp-content\/uploads\/2025\/04\/7eaf14c3-7dca-42bc-8b9e-5d4e4a77bf82.jpg 800w, https:\/\/www.appisindicato.com.br\/site\/wp-content\/uploads\/2025\/04\/7eaf14c3-7dca-42bc-8b9e-5d4e4a77bf82-300x169.jpg 300w, https:\/\/www.appisindicato.com.br\/site\/wp-content\/uploads\/2025\/04\/7eaf14c3-7dca-42bc-8b9e-5d4e4a77bf82-768x432.jpg 768w, https:\/\/www.appisindicato.com.br\/site\/wp-content\/uploads\/2025\/04\/7eaf14c3-7dca-42bc-8b9e-5d4e4a77bf82-400x225.jpg 400w, https:\/\/www.appisindicato.com.br\/site\/wp-content\/uploads\/2025\/04\/7eaf14c3-7dca-42bc-8b9e-5d4e4a77bf82-600x338.jpg 600w\" sizes=\"(max-width: 800px) 100vw, 800px\" \/><\/p>\n","protected":false},"excerpt":{"rendered":"<p>A APPI\/APLB realizou hoje (25) uma assembleia no N\u00facleo de Uru\u00e7uca para atualizar a categoria sobre a a\u00e7\u00e3o do precat\u00f3rio do FUNDEF. Durante a reuni\u00e3o, o advogado Vanderlei Veras, participando via Zoom, esclareceu: o valor alegado como d\u00e9bito pela Prefeitura foi contestado, mas j\u00e1 foi pedida a execu\u00e7\u00e3o; a Uni\u00e3o, outra parte envolvida no processo, n\u00e3o julgou o caso at\u00e9 02 de abril, o que significa, na pr\u00e1tica, que o valor n\u00e3o entrar\u00e1 no or\u00e7amento de 2026; o pr\u00f3ximo passo \u00e9 cobrar do juiz um parecer para que o valor seja inclu\u00eddo no or\u00e7amento da Uni\u00e3o de 2027, viabilizando as [&hellip;]<\/p>\n","protected":false},"author":2,"featured_media":138872,"comment_status":"open","ping_status":"closed","sticky":false,"template":"","format":"standard","meta":[],"categories":[4522],"tags":[4252,4289,4288,384],"_links":{"self":[{"href":"https:\/\/www.appisindicato.com.br\/site\/wp-json\/wp\/v2\/posts\/138870"}],"collection":[{"href":"https:\/\/www.appisindicato.com.br\/site\/wp-json\/wp\/v2\/posts"}],"about":[{"href":"https:\/\/www.appisindicato.com.br\/site\/wp-json\/wp\/v2\/types\/post"}],"author":[{"embeddable":true,"href":"https:\/\/www.appisindicato.com.br\/site\/wp-json\/wp\/v2\/users\/2"}],"replies":[{"embeddable":true,"href":"https:\/\/www.appisindicato.com.br\/site\/wp-json\/wp\/v2\/comments?post=138870"}],"version-history":[{"count":2,"href":"https:\/\/www.appisindicato.com.br\/site\/wp-json\/wp\/v2\/posts\/138870\/revisions"}],"predecessor-version":[{"id":138876,"href":"https:\/\/www.appisindicato.com.br\/site\/wp-json\/wp\/v2\/posts\/138870\/revisions\/138876"}],"wp:featuredmedia":[{"embeddable":true,"href":"https:\/\/www.appisindicato.com.br\/site\/wp-json\/wp\/v2\/media\/138872"}],"wp:attachment":[{"href":"https:\/\/www.appisindicato.com.br\/site\/wp-json\/wp\/v2\/media?parent=138870"}],"wp:term":[{"taxonomy":"category","embeddable":true,"href":"https:\/\/www.appisindicato.com.br\/site\/wp-json\/wp\/v2\/categories?post=138870"},{"taxonomy":"post_tag","embeddable":true,"href":"https:\/\/www.appisindicato.com.br\/site\/wp-json\/wp\/v2\/tags?post=138870"}],"curies":[{"name":"wp","href":"https:\/\/api.w.org\/{rel}","templated":true}]}}