{"id":139645,"date":"2025-10-27T14:14:05","date_gmt":"2025-10-27T17:14:05","guid":{"rendered":"https:\/\/www.appisindicato.com.br\/site\/?p=139645"},"modified":"2025-10-27T14:54:27","modified_gmt":"2025-10-27T17:54:27","slug":"nota-de-pesar-44","status":"publish","type":"post","link":"https:\/\/www.appisindicato.com.br\/site\/2025\/10\/27\/nota-de-pesar-44\/","title":{"rendered":"NOTA DE PESAR"},"content":{"rendered":"<p>A APPI\/APLB lamenta, com profundo pesar, o falecimento, nesta segunda-feira (27), do agente de tr\u00e2nsito e sindicalista ilheense Val\u00e9rio Bonfim. Ele estava internado em Salvador e j\u00e1 tinha sido transferido para a enfermaria, ap\u00f3s receber alta da UTI, quando sofreu uma infec\u00e7\u00e3o generalizada.<\/p>\n<p>Presidente do Sindatran, Val\u00e9rio Bonfim foi um dos primeiros agentes de tr\u00e2nsito de Ilh\u00e9us, servidor com profundo conhecimento do C\u00f3digo de Tr\u00e2nsito Brasileiro. Teve importante papel no processo que levou \u00e0 municipaliza\u00e7\u00e3o do tr\u00e2nsito na cidade e tamb\u00e9m foi fundador do Sindicato dos Agentes de Tr\u00e2nsito da Bahia, lutando por direitos e melhorias para a categoria em todo o estado.<\/p>\n<p>A APPI\/APLB se solidariza com familiares, amigos e colegas de profiss\u00e3o de Val\u00e9rio Bonfim. A fam\u00edlia ainda n\u00e3o informou o local do vel\u00f3rio e do sepultamento.<\/p>\n<p>Foto\/divulga\u00e7\u00e3o.<\/p>\n<p><img loading=\"lazy\" class=\"aligncenter wp-image-139647 size-full\" src=\"https:\/\/www.appisindicato.com.br\/site\/wp-content\/uploads\/2025\/10\/Screenshot_20251027_124042_Instagram.jpg\" alt=\"\" width=\"800\" height=\"803\" srcset=\"https:\/\/www.appisindicato.com.br\/site\/wp-content\/uploads\/2025\/10\/Screenshot_20251027_124042_Instagram.jpg 800w, https:\/\/www.appisindicato.com.br\/site\/wp-content\/uploads\/2025\/10\/Screenshot_20251027_124042_Instagram-300x300.jpg 300w, https:\/\/www.appisindicato.com.br\/site\/wp-content\/uploads\/2025\/10\/Screenshot_20251027_124042_Instagram-150x150.jpg 150w, https:\/\/www.appisindicato.com.br\/site\/wp-content\/uploads\/2025\/10\/Screenshot_20251027_124042_Instagram-768x771.jpg 768w, https:\/\/www.appisindicato.com.br\/site\/wp-content\/uploads\/2025\/10\/Screenshot_20251027_124042_Instagram-180x180.jpg 180w\" sizes=\"(max-width: 800px) 100vw, 800px\" \/><\/p>\n","protected":false},"excerpt":{"rendered":"<p>A APPI\/APLB lamenta, com profundo pesar, o falecimento, nesta segunda-feira (27), do agente de tr\u00e2nsito e sindicalista ilheense Val\u00e9rio Bonfim. Ele estava internado em Salvador e j\u00e1 tinha sido transferido para a enfermaria, ap\u00f3s receber alta da UTI, quando sofreu uma infec\u00e7\u00e3o generalizada. Presidente do Sindatran, Val\u00e9rio Bonfim foi um dos primeiros agentes de tr\u00e2nsito de Ilh\u00e9us, servidor com profundo conhecimento do C\u00f3digo de Tr\u00e2nsito Brasileiro. Teve importante papel no processo que levou \u00e0 municipaliza\u00e7\u00e3o do tr\u00e2nsito na cidade e tamb\u00e9m foi fundador do Sindicato dos Agentes de Tr\u00e2nsito da Bahia, lutando por direitos e melhorias para a categoria em [&hellip;]<\/p>\n","protected":false},"author":2,"featured_media":137569,"comment_status":"open","ping_status":"closed","sticky":false,"template":"","format":"standard","meta":[],"categories":[1,4484],"tags":[4252,4519,4807],"_links":{"self":[{"href":"https:\/\/www.appisindicato.com.br\/site\/wp-json\/wp\/v2\/posts\/139645"}],"collection":[{"href":"https:\/\/www.appisindicato.com.br\/site\/wp-json\/wp\/v2\/posts"}],"about":[{"href":"https:\/\/www.appisindicato.com.br\/site\/wp-json\/wp\/v2\/types\/post"}],"author":[{"embeddable":true,"href":"https:\/\/www.appisindicato.com.br\/site\/wp-json\/wp\/v2\/users\/2"}],"replies":[{"embeddable":true,"href":"https:\/\/www.appisindicato.com.br\/site\/wp-json\/wp\/v2\/comments?post=139645"}],"version-history":[{"count":7,"href":"https:\/\/www.appisindicato.com.br\/site\/wp-json\/wp\/v2\/posts\/139645\/revisions"}],"predecessor-version":[{"id":139654,"href":"https:\/\/www.appisindicato.com.br\/site\/wp-json\/wp\/v2\/posts\/139645\/revisions\/139654"}],"wp:featuredmedia":[{"embeddable":true,"href":"https:\/\/www.appisindicato.com.br\/site\/wp-json\/wp\/v2\/media\/137569"}],"wp:attachment":[{"href":"https:\/\/www.appisindicato.com.br\/site\/wp-json\/wp\/v2\/media?parent=139645"}],"wp:term":[{"taxonomy":"category","embeddable":true,"href":"https:\/\/www.appisindicato.com.br\/site\/wp-json\/wp\/v2\/categories?post=139645"},{"taxonomy":"post_tag","embeddable":true,"href":"https:\/\/www.appisindicato.com.br\/site\/wp-json\/wp\/v2\/tags?post=139645"}],"curies":[{"name":"wp","href":"https:\/\/api.w.org\/{rel}","templated":true}]}}