{"id":139667,"date":"2025-11-02T13:59:08","date_gmt":"2025-11-02T16:59:08","guid":{"rendered":"https:\/\/www.appisindicato.com.br\/site\/?p=139667"},"modified":"2025-11-02T14:09:39","modified_gmt":"2025-11-02T17:09:39","slug":"nota-de-pesar-45","status":"publish","type":"post","link":"https:\/\/www.appisindicato.com.br\/site\/2025\/11\/02\/nota-de-pesar-45\/","title":{"rendered":"NOTA DE PESAR"},"content":{"rendered":"<p>A APPI\/APLB lamenta, com pesar, o falecimento da professora da rede municipal Sonia Maria Bispo Melo, de 71 anos. O corpo est\u00e1 sendo velado na funer\u00e1ria SAF Ilh\u00e9us. O Sepultamento ser\u00e1 \u00e0s 15h30 no Cemit\u00e9rio do Pontal. Nossos sinceros sentimentos aos familiares e amigos da educadora.<br \/>\n<img loading=\"lazy\" class=\"aligncenter wp-image-139668 size-full\" src=\"https:\/\/www.appisindicato.com.br\/site\/wp-content\/uploads\/2025\/11\/WhatsApp-Image-2025-11-02-at-09.48.38-1.jpeg\" alt=\"\" width=\"720\" height=\"741\" srcset=\"https:\/\/www.appisindicato.com.br\/site\/wp-content\/uploads\/2025\/11\/WhatsApp-Image-2025-11-02-at-09.48.38-1.jpeg 720w, https:\/\/www.appisindicato.com.br\/site\/wp-content\/uploads\/2025\/11\/WhatsApp-Image-2025-11-02-at-09.48.38-1-291x300.jpeg 291w\" sizes=\"(max-width: 720px) 100vw, 720px\" \/><\/p>\n","protected":false},"excerpt":{"rendered":"<p>A APPI\/APLB lamenta, com pesar, o falecimento da professora da rede municipal Sonia Maria Bispo Melo, de 71 anos. O corpo est\u00e1 sendo velado na funer\u00e1ria SAF Ilh\u00e9us. O Sepultamento ser\u00e1 \u00e0s 15h30 no Cemit\u00e9rio do Pontal. Nossos sinceros sentimentos aos familiares e amigos da educadora.<\/p>\n","protected":false},"author":2,"featured_media":137569,"comment_status":"open","ping_status":"closed","sticky":false,"template":"","format":"standard","meta":[],"categories":[1,4484],"tags":[4252,4519],"_links":{"self":[{"href":"https:\/\/www.appisindicato.com.br\/site\/wp-json\/wp\/v2\/posts\/139667"}],"collection":[{"href":"https:\/\/www.appisindicato.com.br\/site\/wp-json\/wp\/v2\/posts"}],"about":[{"href":"https:\/\/www.appisindicato.com.br\/site\/wp-json\/wp\/v2\/types\/post"}],"author":[{"embeddable":true,"href":"https:\/\/www.appisindicato.com.br\/site\/wp-json\/wp\/v2\/users\/2"}],"replies":[{"embeddable":true,"href":"https:\/\/www.appisindicato.com.br\/site\/wp-json\/wp\/v2\/comments?post=139667"}],"version-history":[{"count":3,"href":"https:\/\/www.appisindicato.com.br\/site\/wp-json\/wp\/v2\/posts\/139667\/revisions"}],"predecessor-version":[{"id":139672,"href":"https:\/\/www.appisindicato.com.br\/site\/wp-json\/wp\/v2\/posts\/139667\/revisions\/139672"}],"wp:featuredmedia":[{"embeddable":true,"href":"https:\/\/www.appisindicato.com.br\/site\/wp-json\/wp\/v2\/media\/137569"}],"wp:attachment":[{"href":"https:\/\/www.appisindicato.com.br\/site\/wp-json\/wp\/v2\/media?parent=139667"}],"wp:term":[{"taxonomy":"category","embeddable":true,"href":"https:\/\/www.appisindicato.com.br\/site\/wp-json\/wp\/v2\/categories?post=139667"},{"taxonomy":"post_tag","embeddable":true,"href":"https:\/\/www.appisindicato.com.br\/site\/wp-json\/wp\/v2\/tags?post=139667"}],"curies":[{"name":"wp","href":"https:\/\/api.w.org\/{rel}","templated":true}]}}