{"id":139684,"date":"2025-11-04T14:16:10","date_gmt":"2025-11-04T17:16:10","guid":{"rendered":"https:\/\/www.appisindicato.com.br\/site\/?p=139684"},"modified":"2025-11-04T14:16:36","modified_gmt":"2025-11-04T17:16:36","slug":"appi-discute-plano-de-cargos-e-salarios-da-categoria-em-itacare","status":"publish","type":"post","link":"https:\/\/www.appisindicato.com.br\/site\/2025\/11\/04\/appi-discute-plano-de-cargos-e-salarios-da-categoria-em-itacare\/","title":{"rendered":"APPI discute plano de cargos e sal\u00e1rios da categoria em Itacar\u00e9"},"content":{"rendered":"<p>A APPI\/APLB participou hoje (04) de mais uma reuni\u00e3o com representantes do governo municipal de Itacar\u00e9. A pauta tratou da elabora\u00e7\u00e3o do novo Plano de Cargos e Sal\u00e1rios dos trabalhadores em educa\u00e7\u00e3o, que est\u00e1 em processo. A reuni\u00e3o contou com a presen\u00e7a da Secret\u00e1ria de Educa\u00e7\u00e3o, Jamille Silva de Souza, e sua equipe t\u00e9cnica, e da Secret\u00e1ria de Administra\u00e7\u00e3o, Mar\u00edlia Gomes Almeida.<\/p>\n<p>Representando a delegacia sindical estiveram presentes a Secret\u00e1ria Intermunicipal, Enilda Mendon\u00e7a, e o Diretor de Comunica\u00e7\u00e3o, Jorge Guerri\u00e9ri, al\u00e9m de diretores do n\u00facleo de Itacar\u00e9.\u00a0A reuni\u00e3o avan\u00e7ou nas discuss\u00f5es sobre o tema, e uma nova rodada foi agendada, em 25\/11, com o objetivo de fechar o acordo ainda em 2025.<br \/>\n<img loading=\"lazy\" class=\"aligncenter wp-image-139688 size-full\" src=\"https:\/\/www.appisindicato.com.br\/site\/wp-content\/uploads\/2025\/11\/WhatsApp-Image-2025-11-04-at-11.48.28.jpeg\" alt=\"\" width=\"800\" height=\"600\" srcset=\"https:\/\/www.appisindicato.com.br\/site\/wp-content\/uploads\/2025\/11\/WhatsApp-Image-2025-11-04-at-11.48.28.jpeg 800w, https:\/\/www.appisindicato.com.br\/site\/wp-content\/uploads\/2025\/11\/WhatsApp-Image-2025-11-04-at-11.48.28-300x225.jpeg 300w, https:\/\/www.appisindicato.com.br\/site\/wp-content\/uploads\/2025\/11\/WhatsApp-Image-2025-11-04-at-11.48.28-768x576.jpeg 768w, https:\/\/www.appisindicato.com.br\/site\/wp-content\/uploads\/2025\/11\/WhatsApp-Image-2025-11-04-at-11.48.28-180x135.jpeg 180w, https:\/\/www.appisindicato.com.br\/site\/wp-content\/uploads\/2025\/11\/WhatsApp-Image-2025-11-04-at-11.48.28-400x300.jpeg 400w, https:\/\/www.appisindicato.com.br\/site\/wp-content\/uploads\/2025\/11\/WhatsApp-Image-2025-11-04-at-11.48.28-600x450.jpeg 600w\" sizes=\"(max-width: 800px) 100vw, 800px\" \/> <img loading=\"lazy\" class=\"aligncenter wp-image-139689 size-full\" src=\"https:\/\/www.appisindicato.com.br\/site\/wp-content\/uploads\/2025\/11\/WhatsApp-Image-2025-11-04-at-11.48.34.jpeg\" alt=\"\" width=\"800\" height=\"600\" srcset=\"https:\/\/www.appisindicato.com.br\/site\/wp-content\/uploads\/2025\/11\/WhatsApp-Image-2025-11-04-at-11.48.34.jpeg 800w, https:\/\/www.appisindicato.com.br\/site\/wp-content\/uploads\/2025\/11\/WhatsApp-Image-2025-11-04-at-11.48.34-300x225.jpeg 300w, https:\/\/www.appisindicato.com.br\/site\/wp-content\/uploads\/2025\/11\/WhatsApp-Image-2025-11-04-at-11.48.34-768x576.jpeg 768w, https:\/\/www.appisindicato.com.br\/site\/wp-content\/uploads\/2025\/11\/WhatsApp-Image-2025-11-04-at-11.48.34-180x135.jpeg 180w, https:\/\/www.appisindicato.com.br\/site\/wp-content\/uploads\/2025\/11\/WhatsApp-Image-2025-11-04-at-11.48.34-400x300.jpeg 400w, https:\/\/www.appisindicato.com.br\/site\/wp-content\/uploads\/2025\/11\/WhatsApp-Image-2025-11-04-at-11.48.34-600x450.jpeg 600w\" sizes=\"(max-width: 800px) 100vw, 800px\" \/> <img loading=\"lazy\" class=\"aligncenter wp-image-139690 size-full\" src=\"https:\/\/www.appisindicato.com.br\/site\/wp-content\/uploads\/2025\/11\/WhatsApp-Image-2025-11-04-at-11.48.40.jpeg\" alt=\"\" width=\"800\" height=\"600\" srcset=\"https:\/\/www.appisindicato.com.br\/site\/wp-content\/uploads\/2025\/11\/WhatsApp-Image-2025-11-04-at-11.48.40.jpeg 800w, https:\/\/www.appisindicato.com.br\/site\/wp-content\/uploads\/2025\/11\/WhatsApp-Image-2025-11-04-at-11.48.40-300x225.jpeg 300w, https:\/\/www.appisindicato.com.br\/site\/wp-content\/uploads\/2025\/11\/WhatsApp-Image-2025-11-04-at-11.48.40-768x576.jpeg 768w, https:\/\/www.appisindicato.com.br\/site\/wp-content\/uploads\/2025\/11\/WhatsApp-Image-2025-11-04-at-11.48.40-180x135.jpeg 180w, https:\/\/www.appisindicato.com.br\/site\/wp-content\/uploads\/2025\/11\/WhatsApp-Image-2025-11-04-at-11.48.40-400x300.jpeg 400w, https:\/\/www.appisindicato.com.br\/site\/wp-content\/uploads\/2025\/11\/WhatsApp-Image-2025-11-04-at-11.48.40-600x450.jpeg 600w\" sizes=\"(max-width: 800px) 100vw, 800px\" \/><\/p>\n","protected":false},"excerpt":{"rendered":"<p>A APPI\/APLB participou hoje (04) de mais uma reuni\u00e3o com representantes do governo municipal de Itacar\u00e9. A pauta tratou da elabora\u00e7\u00e3o do novo Plano de Cargos e Sal\u00e1rios dos trabalhadores em educa\u00e7\u00e3o, que est\u00e1 em processo. A reuni\u00e3o contou com a presen\u00e7a da Secret\u00e1ria de Educa\u00e7\u00e3o, Jamille Silva de Souza, e sua equipe t\u00e9cnica, e da Secret\u00e1ria de Administra\u00e7\u00e3o, Mar\u00edlia Gomes Almeida. Representando a delegacia sindical estiveram presentes a Secret\u00e1ria Intermunicipal, Enilda Mendon\u00e7a, e o Diretor de Comunica\u00e7\u00e3o, Jorge Guerri\u00e9ri, al\u00e9m de diretores do n\u00facleo de Itacar\u00e9.\u00a0A reuni\u00e3o avan\u00e7ou nas discuss\u00f5es sobre o tema, e uma nova rodada foi agendada, [&hellip;]<\/p>\n","protected":false},"author":2,"featured_media":139687,"comment_status":"open","ping_status":"closed","sticky":false,"template":"","format":"standard","meta":[],"categories":[4522],"tags":[4252,4422,107,4303],"_links":{"self":[{"href":"https:\/\/www.appisindicato.com.br\/site\/wp-json\/wp\/v2\/posts\/139684"}],"collection":[{"href":"https:\/\/www.appisindicato.com.br\/site\/wp-json\/wp\/v2\/posts"}],"about":[{"href":"https:\/\/www.appisindicato.com.br\/site\/wp-json\/wp\/v2\/types\/post"}],"author":[{"embeddable":true,"href":"https:\/\/www.appisindicato.com.br\/site\/wp-json\/wp\/v2\/users\/2"}],"replies":[{"embeddable":true,"href":"https:\/\/www.appisindicato.com.br\/site\/wp-json\/wp\/v2\/comments?post=139684"}],"version-history":[{"count":7,"href":"https:\/\/www.appisindicato.com.br\/site\/wp-json\/wp\/v2\/posts\/139684\/revisions"}],"predecessor-version":[{"id":139695,"href":"https:\/\/www.appisindicato.com.br\/site\/wp-json\/wp\/v2\/posts\/139684\/revisions\/139695"}],"wp:featuredmedia":[{"embeddable":true,"href":"https:\/\/www.appisindicato.com.br\/site\/wp-json\/wp\/v2\/media\/139687"}],"wp:attachment":[{"href":"https:\/\/www.appisindicato.com.br\/site\/wp-json\/wp\/v2\/media?parent=139684"}],"wp:term":[{"taxonomy":"category","embeddable":true,"href":"https:\/\/www.appisindicato.com.br\/site\/wp-json\/wp\/v2\/categories?post=139684"},{"taxonomy":"post_tag","embeddable":true,"href":"https:\/\/www.appisindicato.com.br\/site\/wp-json\/wp\/v2\/tags?post=139684"}],"curies":[{"name":"wp","href":"https:\/\/api.w.org\/{rel}","templated":true}]}}