{"id":139812,"date":"2025-11-17T20:34:23","date_gmt":"2025-11-17T23:34:23","guid":{"rendered":"https:\/\/www.appisindicato.com.br\/site\/?p=139812"},"modified":"2025-11-17T20:36:16","modified_gmt":"2025-11-17T23:36:16","slug":"edital-aberto-sesab-abre-vagas-para-bolsas-integrais-de-medicina-em-cuba-para-estudantes-de-baixa-renda","status":"publish","type":"post","link":"https:\/\/www.appisindicato.com.br\/site\/2025\/11\/17\/edital-aberto-sesab-abre-vagas-para-bolsas-integrais-de-medicina-em-cuba-para-estudantes-de-baixa-renda\/","title":{"rendered":"Edital Aberto &#8211; SESAB abre vagas para bolsas integrais de medicina em Cuba para estudantes de baixa renda"},"content":{"rendered":"<p>A APPI\/APLB informa aos seus filiados a importante a\u00e7\u00e3o da Secretaria da Sa\u00fade do Estado da Bahia (SESAB) que lan\u00e7ou um edital para 60 vagas voltadas a estudantes de baixa renda, preferencialmente da zona rural, para cursar Medicina em Cuba, com todas as despesas cobertas, incluindo matr\u00edcula, hospedagem, alimenta\u00e7\u00e3o, bolsa, passagem.\u00a0O curso ter\u00e1 dura\u00e7\u00e3o de 6 anos e, ap\u00f3s formado, o estudante se compromete a atuar por no m\u00ednimo 2 anos em regi\u00f5es rurais da Bahia<\/p>\n<p>As inscri\u00e7\u00f5es acontecem entre 17 e 21 de novembro, via internet neste <span style=\"color: #0000ff;\"><a style=\"color: #0000ff;\" href=\"https:\/\/www.saude.ba.gov.br\/wp-content\/uploads\/2025\/11\/Edital-OEI-doe_2025-11-11_completo-42-48.pdf\">LINK<\/a><\/span>.<\/p>\n<p><img loading=\"lazy\" class=\"aligncenter wp-image-139813 size-full\" src=\"https:\/\/www.appisindicato.com.br\/site\/wp-content\/uploads\/2025\/11\/WhatsApp-Image-2025-11-17-at-20.21.46-2.jpeg\" alt=\"\" width=\"800\" height=\"989\" srcset=\"https:\/\/www.appisindicato.com.br\/site\/wp-content\/uploads\/2025\/11\/WhatsApp-Image-2025-11-17-at-20.21.46-2.jpeg 800w, https:\/\/www.appisindicato.com.br\/site\/wp-content\/uploads\/2025\/11\/WhatsApp-Image-2025-11-17-at-20.21.46-2-243x300.jpeg 243w, https:\/\/www.appisindicato.com.br\/site\/wp-content\/uploads\/2025\/11\/WhatsApp-Image-2025-11-17-at-20.21.46-2-768x949.jpeg 768w\" sizes=\"(max-width: 800px) 100vw, 800px\" \/><\/p>\n","protected":false},"excerpt":{"rendered":"<p>A APPI\/APLB informa aos seus filiados a importante a\u00e7\u00e3o da Secretaria da Sa\u00fade do Estado da Bahia (SESAB) que lan\u00e7ou um edital para 60 vagas voltadas a estudantes de baixa renda, preferencialmente da zona rural, para cursar Medicina em Cuba, com todas as despesas cobertas, incluindo matr\u00edcula, hospedagem, alimenta\u00e7\u00e3o, bolsa, passagem.\u00a0O curso ter\u00e1 dura\u00e7\u00e3o de 6 anos e, ap\u00f3s formado, o estudante se compromete a atuar por no m\u00ednimo 2 anos em regi\u00f5es rurais da Bahia As inscri\u00e7\u00f5es acontecem entre 17 e 21 de novembro, via internet neste LINK.<\/p>\n","protected":false},"author":2,"featured_media":139808,"comment_status":"open","ping_status":"closed","sticky":false,"template":"","format":"standard","meta":[],"categories":[4522],"tags":[4252,4820,4515,4819],"_links":{"self":[{"href":"https:\/\/www.appisindicato.com.br\/site\/wp-json\/wp\/v2\/posts\/139812"}],"collection":[{"href":"https:\/\/www.appisindicato.com.br\/site\/wp-json\/wp\/v2\/posts"}],"about":[{"href":"https:\/\/www.appisindicato.com.br\/site\/wp-json\/wp\/v2\/types\/post"}],"author":[{"embeddable":true,"href":"https:\/\/www.appisindicato.com.br\/site\/wp-json\/wp\/v2\/users\/2"}],"replies":[{"embeddable":true,"href":"https:\/\/www.appisindicato.com.br\/site\/wp-json\/wp\/v2\/comments?post=139812"}],"version-history":[{"count":1,"href":"https:\/\/www.appisindicato.com.br\/site\/wp-json\/wp\/v2\/posts\/139812\/revisions"}],"predecessor-version":[{"id":139814,"href":"https:\/\/www.appisindicato.com.br\/site\/wp-json\/wp\/v2\/posts\/139812\/revisions\/139814"}],"wp:featuredmedia":[{"embeddable":true,"href":"https:\/\/www.appisindicato.com.br\/site\/wp-json\/wp\/v2\/media\/139808"}],"wp:attachment":[{"href":"https:\/\/www.appisindicato.com.br\/site\/wp-json\/wp\/v2\/media?parent=139812"}],"wp:term":[{"taxonomy":"category","embeddable":true,"href":"https:\/\/www.appisindicato.com.br\/site\/wp-json\/wp\/v2\/categories?post=139812"},{"taxonomy":"post_tag","embeddable":true,"href":"https:\/\/www.appisindicato.com.br\/site\/wp-json\/wp\/v2\/tags?post=139812"}],"curies":[{"name":"wp","href":"https:\/\/api.w.org\/{rel}","templated":true}]}}