{"id":139895,"date":"2025-12-09T20:04:23","date_gmt":"2025-12-09T23:04:23","guid":{"rendered":"https:\/\/www.appisindicato.com.br\/site\/?p=139895"},"modified":"2025-12-10T12:20:51","modified_gmt":"2025-12-10T15:20:51","slug":"appi-consegue-reuniao-com-juiz-em-brasilia-sobre-precatorios-do-fundef","status":"publish","type":"post","link":"https:\/\/www.appisindicato.com.br\/site\/2025\/12\/09\/appi-consegue-reuniao-com-juiz-em-brasilia-sobre-precatorios-do-fundef\/","title":{"rendered":"APPI consegue reuni\u00e3o com juiz em Bras\u00edlia sobre Precat\u00f3rios do Fundef"},"content":{"rendered":"<p>A APPI\/APLB informa que obteve audi\u00eancia com um juiz federal para tratar da libera\u00e7\u00e3o do montante referente ao precat\u00f3rio do FUNDEF do munic\u00edpio de Ilh\u00e9us. Na reuni\u00e3o estar\u00e3o presentes o presidente da entidade, Osman Nogueira, Dr. Irumam Contreiras, advogado do sindicato e Dr. Vanderlei Veras, do escrit\u00f3rio de Fortaleza.<\/p>\n<p>O sindicato, que j\u00e1 havia solicitado o fim do rec\u00e1lculo \u2014 pedido atendido e que resultou em um valor superior ao inicialmente previsto \u2014 segue com o objetivo de solucionar definitivamente uma situa\u00e7\u00e3o que se arrasta h\u00e1 meses.<\/p>\n<p>A expectativa \u00e9 que a equipe enviada a Bras\u00edlia consiga trazer not\u00edcias positivas que tragam al\u00edvio e esperan\u00e7a para toda a categoria.<\/p>\n<p><iframe loading=\"lazy\" title=\"YouTube video player\" src=\"https:\/\/www.youtube.com\/embed\/DglwVG19gqY?si=Gcf6JsZFj28pxAR6\" width=\"560\" height=\"315\" frameborder=\"0\" allowfullscreen=\"allowfullscreen\"><\/iframe><\/p>\n","protected":false},"excerpt":{"rendered":"<p>A APPI\/APLB informa que obteve audi\u00eancia com um juiz federal para tratar da libera\u00e7\u00e3o do montante referente ao precat\u00f3rio do FUNDEF do munic\u00edpio de Ilh\u00e9us. Na reuni\u00e3o estar\u00e3o presentes o presidente da entidade, Osman Nogueira, Dr. Irumam Contreiras, advogado do sindicato e Dr. Vanderlei Veras, do escrit\u00f3rio de Fortaleza. O sindicato, que j\u00e1 havia solicitado o fim do rec\u00e1lculo \u2014 pedido atendido e que resultou em um valor superior ao inicialmente previsto \u2014 segue com o objetivo de solucionar definitivamente uma situa\u00e7\u00e3o que se arrasta h\u00e1 meses. A expectativa \u00e9 que a equipe enviada a Bras\u00edlia consiga trazer not\u00edcias positivas [&hellip;]<\/p>\n","protected":false},"author":2,"featured_media":137008,"comment_status":"open","ping_status":"closed","sticky":false,"template":"","format":"standard","meta":[],"categories":[1,4458],"tags":[4252,4830,4829,4303],"_links":{"self":[{"href":"https:\/\/www.appisindicato.com.br\/site\/wp-json\/wp\/v2\/posts\/139895"}],"collection":[{"href":"https:\/\/www.appisindicato.com.br\/site\/wp-json\/wp\/v2\/posts"}],"about":[{"href":"https:\/\/www.appisindicato.com.br\/site\/wp-json\/wp\/v2\/types\/post"}],"author":[{"embeddable":true,"href":"https:\/\/www.appisindicato.com.br\/site\/wp-json\/wp\/v2\/users\/2"}],"replies":[{"embeddable":true,"href":"https:\/\/www.appisindicato.com.br\/site\/wp-json\/wp\/v2\/comments?post=139895"}],"version-history":[{"count":6,"href":"https:\/\/www.appisindicato.com.br\/site\/wp-json\/wp\/v2\/posts\/139895\/revisions"}],"predecessor-version":[{"id":139905,"href":"https:\/\/www.appisindicato.com.br\/site\/wp-json\/wp\/v2\/posts\/139895\/revisions\/139905"}],"wp:featuredmedia":[{"embeddable":true,"href":"https:\/\/www.appisindicato.com.br\/site\/wp-json\/wp\/v2\/media\/137008"}],"wp:attachment":[{"href":"https:\/\/www.appisindicato.com.br\/site\/wp-json\/wp\/v2\/media?parent=139895"}],"wp:term":[{"taxonomy":"category","embeddable":true,"href":"https:\/\/www.appisindicato.com.br\/site\/wp-json\/wp\/v2\/categories?post=139895"},{"taxonomy":"post_tag","embeddable":true,"href":"https:\/\/www.appisindicato.com.br\/site\/wp-json\/wp\/v2\/tags?post=139895"}],"curies":[{"name":"wp","href":"https:\/\/api.w.org\/{rel}","templated":true}]}}