{"id":139928,"date":"2025-12-11T19:25:06","date_gmt":"2025-12-11T22:25:06","guid":{"rendered":"https:\/\/www.appisindicato.com.br\/site\/?p=139928"},"modified":"2025-12-11T19:25:06","modified_gmt":"2025-12-11T22:25:06","slug":"sentenca-sobre-os-calculos-do-fundef-sera-divulgada-em-breve-afirma-juiz","status":"publish","type":"post","link":"https:\/\/www.appisindicato.com.br\/site\/2025\/12\/11\/sentenca-sobre-os-calculos-do-fundef-sera-divulgada-em-breve-afirma-juiz\/","title":{"rendered":"Senten\u00e7a sobre os c\u00e1lculos do Fundef ser\u00e1 divulgada em breve, afirma juiz"},"content":{"rendered":"<p>A APPI\/APLB informa que os advogados Iruman Contreiras e Vanderlei Marques, acompanhados do presidente do nosso sindicato, professor Osman Nogueira, despacharam, na tarde de hoje (11), com o Dr. S\u00e9rgio Volney de Oliveira Batista Guedes, juiz titular da 2\u00aa Vara da Justi\u00e7a Federal, em Bras\u00edlia, onde tramita a A\u00e7\u00e3o de Cumprimento de Senten\u00e7a que originou o Precat\u00f3rio do Fundef do munic\u00edpio, que tem a APPI como parte na condi\u00e7\u00e3o de assistente litisconsorcial no polo ativo do processo.<\/p>\n<p>Como a Uni\u00e3o apresentou Impugna\u00e7\u00e3o ao parecer de atualiza\u00e7\u00e3o dos c\u00e1lculos feitos pela Justi\u00e7a, que reconheceu um cr\u00e9dito de R$ 221.161.672,57, superior ao valor que constou na expedi\u00e7\u00e3o do precat\u00f3rio, em 2017, de R$ 212.646.766,00, utilizando a mesma fundamenta\u00e7\u00e3o dos Embargos de Declara\u00e7\u00e3o de 2024, que interrompeu o pagamento da 2\u00aa parcela, o magistrado tornou os autos conclusos e assegurou aos representantes da APPI\/APLB que, em breve, publicar\u00e1 a senten\u00e7a resolvendo a controv\u00e9rsia dos c\u00e1lculos.<\/p>\n<p>Osman Nogueira<br \/>\nAPPI\/APLB<\/p>\n<p><iframe loading=\"lazy\" title=\"YouTube video player\" src=\"https:\/\/www.youtube.com\/embed\/YN_KItJNHAU?si=UgD5-sf_8zXZklLh\" width=\"560\" height=\"315\" frameborder=\"0\" allowfullscreen=\"allowfullscreen\"><\/iframe><br \/>\n<img loading=\"lazy\" class=\"aligncenter wp-image-139930 size-full\" src=\"https:\/\/www.appisindicato.com.br\/site\/wp-content\/uploads\/2025\/12\/01c24e3d-4c7f-4cea-bd1a-dfd792622fdb.jpeg\" alt=\"\" width=\"800\" height=\"600\" srcset=\"https:\/\/www.appisindicato.com.br\/site\/wp-content\/uploads\/2025\/12\/01c24e3d-4c7f-4cea-bd1a-dfd792622fdb.jpeg 800w, https:\/\/www.appisindicato.com.br\/site\/wp-content\/uploads\/2025\/12\/01c24e3d-4c7f-4cea-bd1a-dfd792622fdb-300x225.jpeg 300w, https:\/\/www.appisindicato.com.br\/site\/wp-content\/uploads\/2025\/12\/01c24e3d-4c7f-4cea-bd1a-dfd792622fdb-768x576.jpeg 768w, https:\/\/www.appisindicato.com.br\/site\/wp-content\/uploads\/2025\/12\/01c24e3d-4c7f-4cea-bd1a-dfd792622fdb-180x135.jpeg 180w, https:\/\/www.appisindicato.com.br\/site\/wp-content\/uploads\/2025\/12\/01c24e3d-4c7f-4cea-bd1a-dfd792622fdb-400x300.jpeg 400w, https:\/\/www.appisindicato.com.br\/site\/wp-content\/uploads\/2025\/12\/01c24e3d-4c7f-4cea-bd1a-dfd792622fdb-600x450.jpeg 600w\" sizes=\"(max-width: 800px) 100vw, 800px\" \/><\/p>\n","protected":false},"excerpt":{"rendered":"<p>A APPI\/APLB informa que os advogados Iruman Contreiras e Vanderlei Marques, acompanhados do presidente do nosso sindicato, professor Osman Nogueira, despacharam, na tarde de hoje (11), com o Dr. S\u00e9rgio Volney de Oliveira Batista Guedes, juiz titular da 2\u00aa Vara da Justi\u00e7a Federal, em Bras\u00edlia, onde tramita a A\u00e7\u00e3o de Cumprimento de Senten\u00e7a que originou o Precat\u00f3rio do Fundef do munic\u00edpio, que tem a APPI como parte na condi\u00e7\u00e3o de assistente litisconsorcial no polo ativo do processo. Como a Uni\u00e3o apresentou Impugna\u00e7\u00e3o ao parecer de atualiza\u00e7\u00e3o dos c\u00e1lculos feitos pela Justi\u00e7a, que reconheceu um cr\u00e9dito de R$ 221.161.672,57, superior ao [&hellip;]<\/p>\n","protected":false},"author":2,"featured_media":139929,"comment_status":"open","ping_status":"closed","sticky":false,"template":"","format":"standard","meta":[],"categories":[1],"tags":[4252,4833,4832,4288,4834],"_links":{"self":[{"href":"https:\/\/www.appisindicato.com.br\/site\/wp-json\/wp\/v2\/posts\/139928"}],"collection":[{"href":"https:\/\/www.appisindicato.com.br\/site\/wp-json\/wp\/v2\/posts"}],"about":[{"href":"https:\/\/www.appisindicato.com.br\/site\/wp-json\/wp\/v2\/types\/post"}],"author":[{"embeddable":true,"href":"https:\/\/www.appisindicato.com.br\/site\/wp-json\/wp\/v2\/users\/2"}],"replies":[{"embeddable":true,"href":"https:\/\/www.appisindicato.com.br\/site\/wp-json\/wp\/v2\/comments?post=139928"}],"version-history":[{"count":2,"href":"https:\/\/www.appisindicato.com.br\/site\/wp-json\/wp\/v2\/posts\/139928\/revisions"}],"predecessor-version":[{"id":139932,"href":"https:\/\/www.appisindicato.com.br\/site\/wp-json\/wp\/v2\/posts\/139928\/revisions\/139932"}],"wp:featuredmedia":[{"embeddable":true,"href":"https:\/\/www.appisindicato.com.br\/site\/wp-json\/wp\/v2\/media\/139929"}],"wp:attachment":[{"href":"https:\/\/www.appisindicato.com.br\/site\/wp-json\/wp\/v2\/media?parent=139928"}],"wp:term":[{"taxonomy":"category","embeddable":true,"href":"https:\/\/www.appisindicato.com.br\/site\/wp-json\/wp\/v2\/categories?post=139928"},{"taxonomy":"post_tag","embeddable":true,"href":"https:\/\/www.appisindicato.com.br\/site\/wp-json\/wp\/v2\/tags?post=139928"}],"curies":[{"name":"wp","href":"https:\/\/api.w.org\/{rel}","templated":true}]}}