{"id":139953,"date":"2025-12-15T13:39:06","date_gmt":"2025-12-15T16:39:06","guid":{"rendered":"https:\/\/www.appisindicato.com.br\/site\/?p=139953"},"modified":"2025-12-15T13:39:06","modified_gmt":"2025-12-15T16:39:06","slug":"appi-discute-com-prefeito-de-ilheus-sobre-direitos-de-professores-contratados-e-beneficios-da-educacao","status":"publish","type":"post","link":"https:\/\/www.appisindicato.com.br\/site\/2025\/12\/15\/appi-discute-com-prefeito-de-ilheus-sobre-direitos-de-professores-contratados-e-beneficios-da-educacao\/","title":{"rendered":"APPI discute com prefeito de Ilh\u00e9us sobre direitos de professores contratados e benef\u00edcios da educa\u00e7\u00e3o"},"content":{"rendered":"<p>A dire\u00e7\u00e3o da APPI\/APLB esteve reunida hoje (15) com o prefeito de Ilh\u00e9us, Valderico J\u00fanior, para tratar de pautas relacionadas aos direitos trabalhistas e benef\u00edcios dos professores contratados e demais profissionais da educa\u00e7\u00e3o do munic\u00edpio. O encontro teve a presen\u00e7a do presidente do sindicato, Osman Nogueira, e dos diretores Enilda Mendon\u00e7a e Jorge Guerri\u00e9ri, al\u00e9m dos secret\u00e1rios municipais de Gest\u00e3o, Cristiano Tavares, e da Fazenda, Fernando Fernandes.<\/p>\n<p>Um dos principais pontos debatidos foi o pagamento do 13\u00ba sal\u00e1rio dos professores contratados. A prefeitura alegou a exist\u00eancia de um impasse jur\u00eddico em rela\u00e7\u00e3o ao benef\u00edcio. Em contraponto, a diretora Enilda Mendon\u00e7a destacou que os contratos firmados em Ilh\u00e9us s\u00e3o regidos pela Consolida\u00e7\u00e3o das Leis do Trabalho (CLT) e que a pr\u00f3pria lei municipal que regulamenta os contratos tempor\u00e1rios assegura o pagamento do 13\u00ba sal\u00e1rio. Diante disso, ficou encaminhada a realiza\u00e7\u00e3o de uma reuni\u00e3o entre os setores jur\u00eddicos do Executivo municipal e da APPI, com o objetivo de analisar a quest\u00e3o de forma mais aprofundada e buscar uma solu\u00e7\u00e3o.<\/p>\n<p>Outro tema abordado foi a recarga natalina. A gest\u00e3o municipal informou que pretende se reunir com os sindicatos para construir uma proposta que considera vi\u00e1vel, levando em considera\u00e7\u00e3o as dificuldades financeiras atualmente enfrentadas pelo munic\u00edpio. A inten\u00e7\u00e3o, segundo a prefeitura, \u00e9 dialogar com as entidades representativas para encontrar alternativas poss\u00edveis para a concess\u00e3o do benef\u00edcio.<\/p>\n<p>Tamb\u00e9m foi discutida a situa\u00e7\u00e3o da Credcesta. O Executivo comunicou que ir\u00e1 reter os valores descontados em folha, e n\u00e3o repass\u00e1-los \u00e0 institui\u00e7\u00e3o financeira at\u00e9 que seja feita uma revis\u00e3o dos descontos realizados. A APPI informou que ir\u00e1 recolher a documenta\u00e7\u00e3o dos trabalhadores para encaminhar ao setor de Recursos Humanos da prefeitura. Al\u00e9m disso, a gest\u00e3o municipal manifestou a inten\u00e7\u00e3o de rescindir o contrato com a Credcesta, como parte do processo de reavalia\u00e7\u00e3o do conv\u00eanio.<\/p>\n<p>A reuni\u00e3o foi avaliada como um espa\u00e7o inicial de di\u00e1logo, com encaminhamentos que apontam para novas rodadas de discuss\u00e3o entre o sindicato e a administra\u00e7\u00e3o municipal sobre os direitos e benef\u00edcios dos trabalhadores da educa\u00e7\u00e3o em Ilh\u00e9us.<\/p>\n<p><img loading=\"lazy\" class=\"aligncenter wp-image-139955 size-full\" src=\"https:\/\/www.appisindicato.com.br\/site\/wp-content\/uploads\/2025\/12\/48235e30-ea46-420e-9728-fdce8f0cb727.jpeg\" alt=\"\" width=\"800\" height=\"771\" srcset=\"https:\/\/www.appisindicato.com.br\/site\/wp-content\/uploads\/2025\/12\/48235e30-ea46-420e-9728-fdce8f0cb727.jpeg 800w, https:\/\/www.appisindicato.com.br\/site\/wp-content\/uploads\/2025\/12\/48235e30-ea46-420e-9728-fdce8f0cb727-300x289.jpeg 300w, https:\/\/www.appisindicato.com.br\/site\/wp-content\/uploads\/2025\/12\/48235e30-ea46-420e-9728-fdce8f0cb727-768x740.jpeg 768w\" sizes=\"(max-width: 800px) 100vw, 800px\" \/><img loading=\"lazy\" class=\"aligncenter wp-image-139956 size-full\" src=\"https:\/\/www.appisindicato.com.br\/site\/wp-content\/uploads\/2025\/12\/b54e4217-7425-4f0d-a48a-c2dabae33076.jpeg\" alt=\"\" width=\"800\" height=\"814\" srcset=\"https:\/\/www.appisindicato.com.br\/site\/wp-content\/uploads\/2025\/12\/b54e4217-7425-4f0d-a48a-c2dabae33076.jpeg 800w, https:\/\/www.appisindicato.com.br\/site\/wp-content\/uploads\/2025\/12\/b54e4217-7425-4f0d-a48a-c2dabae33076-295x300.jpeg 295w, https:\/\/www.appisindicato.com.br\/site\/wp-content\/uploads\/2025\/12\/b54e4217-7425-4f0d-a48a-c2dabae33076-768x781.jpeg 768w\" sizes=\"(max-width: 800px) 100vw, 800px\" \/><\/p>\n<p><img loading=\"lazy\" class=\"aligncenter wp-image-139957 size-full\" src=\"https:\/\/www.appisindicato.com.br\/site\/wp-content\/uploads\/2025\/12\/69655a84-4c32-4aa8-9a9a-7356254d4de2.jpeg\" alt=\"\" width=\"800\" height=\"718\" srcset=\"https:\/\/www.appisindicato.com.br\/site\/wp-content\/uploads\/2025\/12\/69655a84-4c32-4aa8-9a9a-7356254d4de2.jpeg 800w, https:\/\/www.appisindicato.com.br\/site\/wp-content\/uploads\/2025\/12\/69655a84-4c32-4aa8-9a9a-7356254d4de2-300x269.jpeg 300w, https:\/\/www.appisindicato.com.br\/site\/wp-content\/uploads\/2025\/12\/69655a84-4c32-4aa8-9a9a-7356254d4de2-768x689.jpeg 768w\" sizes=\"(max-width: 800px) 100vw, 800px\" \/><\/p>\n","protected":false},"excerpt":{"rendered":"<p>A dire\u00e7\u00e3o da APPI\/APLB esteve reunida hoje (15) com o prefeito de Ilh\u00e9us, Valderico J\u00fanior, para tratar de pautas relacionadas aos direitos trabalhistas e benef\u00edcios dos professores contratados e demais profissionais da educa\u00e7\u00e3o do munic\u00edpio. O encontro teve a presen\u00e7a do presidente do sindicato, Osman Nogueira, e dos diretores Enilda Mendon\u00e7a e Jorge Guerri\u00e9ri, al\u00e9m dos secret\u00e1rios municipais de Gest\u00e3o, Cristiano Tavares, e da Fazenda, Fernando Fernandes. Um dos principais pontos debatidos foi o pagamento do 13\u00ba sal\u00e1rio dos professores contratados. A prefeitura alegou a exist\u00eancia de um impasse jur\u00eddico em rela\u00e7\u00e3o ao benef\u00edcio. Em contraponto, a diretora Enilda Mendon\u00e7a [&hellip;]<\/p>\n","protected":false},"author":2,"featured_media":139954,"comment_status":"open","ping_status":"closed","sticky":false,"template":"","format":"standard","meta":[],"categories":[4297],"tags":[4252,4837,4824,4621,4827,4838,4303],"_links":{"self":[{"href":"https:\/\/www.appisindicato.com.br\/site\/wp-json\/wp\/v2\/posts\/139953"}],"collection":[{"href":"https:\/\/www.appisindicato.com.br\/site\/wp-json\/wp\/v2\/posts"}],"about":[{"href":"https:\/\/www.appisindicato.com.br\/site\/wp-json\/wp\/v2\/types\/post"}],"author":[{"embeddable":true,"href":"https:\/\/www.appisindicato.com.br\/site\/wp-json\/wp\/v2\/users\/2"}],"replies":[{"embeddable":true,"href":"https:\/\/www.appisindicato.com.br\/site\/wp-json\/wp\/v2\/comments?post=139953"}],"version-history":[{"count":1,"href":"https:\/\/www.appisindicato.com.br\/site\/wp-json\/wp\/v2\/posts\/139953\/revisions"}],"predecessor-version":[{"id":139958,"href":"https:\/\/www.appisindicato.com.br\/site\/wp-json\/wp\/v2\/posts\/139953\/revisions\/139958"}],"wp:featuredmedia":[{"embeddable":true,"href":"https:\/\/www.appisindicato.com.br\/site\/wp-json\/wp\/v2\/media\/139954"}],"wp:attachment":[{"href":"https:\/\/www.appisindicato.com.br\/site\/wp-json\/wp\/v2\/media?parent=139953"}],"wp:term":[{"taxonomy":"category","embeddable":true,"href":"https:\/\/www.appisindicato.com.br\/site\/wp-json\/wp\/v2\/categories?post=139953"},{"taxonomy":"post_tag","embeddable":true,"href":"https:\/\/www.appisindicato.com.br\/site\/wp-json\/wp\/v2\/tags?post=139953"}],"curies":[{"name":"wp","href":"https:\/\/api.w.org\/{rel}","templated":true}]}}