{"id":139968,"date":"2025-12-18T16:37:59","date_gmt":"2025-12-18T19:37:59","guid":{"rendered":"https:\/\/www.appisindicato.com.br\/site\/?p=139968"},"modified":"2025-12-18T16:46:35","modified_gmt":"2025-12-18T19:46:35","slug":"vitoria-para-os-aposentados-e-pensionistas-da-educacao","status":"publish","type":"post","link":"https:\/\/www.appisindicato.com.br\/site\/2025\/12\/18\/vitoria-para-os-aposentados-e-pensionistas-da-educacao\/","title":{"rendered":"Vit\u00f3ria para os aposentados e pensionistas da Educa\u00e7\u00e3o"},"content":{"rendered":"<p>Foi assinado, nesta quinta (18), pela APLB e o governo estadual, o acordo que atualiza o piso salarial dos\/as aposentados\/as e pensionistas da educa\u00e7\u00e3o baiana. A categoria passar\u00e1 a receber os valores atualizados a partir de maio de 2026.<\/p>\n<p>Na cerim\u00f4nia de assinatura, o governador Jer\u00f4nimo Rodrigues anunciou que o per\u00edodo para aderir ao acordo vai de 20 de janeiro a 31 de mar\u00e7o do ano que vem. A APLB prestar\u00e1 todas as informa\u00e7\u00f5es e suporte necess\u00e1rios para que nenhum\/nenhuma aposentado\/a ou pensionista fique de fora desta conquista hist\u00f3rica, fruto da luta coletiva!<\/p>\n<p>Fonte: Instagram APLB (texto e foto)<\/p>\n","protected":false},"excerpt":{"rendered":"<p>Foi assinado, nesta quinta (18), pela APLB e o governo estadual, o acordo que atualiza o piso salarial dos\/as aposentados\/as e pensionistas da educa\u00e7\u00e3o baiana. A categoria passar\u00e1 a receber os valores atualizados a partir de maio de 2026. Na cerim\u00f4nia de assinatura, o governador Jer\u00f4nimo Rodrigues anunciou que o per\u00edodo para aderir ao acordo vai de 20 de janeiro a 31 de mar\u00e7o do ano que vem. A APLB prestar\u00e1 todas as informa\u00e7\u00f5es e suporte necess\u00e1rios para que nenhum\/nenhuma aposentado\/a ou pensionista fique de fora desta conquista hist\u00f3rica, fruto da luta coletiva! Fonte: Instagram APLB (texto e foto)<\/p>\n","protected":false},"author":2,"featured_media":139974,"comment_status":"open","ping_status":"closed","sticky":false,"template":"","format":"standard","meta":[],"categories":[1],"tags":[4260,4252,4397,4842,4843],"_links":{"self":[{"href":"https:\/\/www.appisindicato.com.br\/site\/wp-json\/wp\/v2\/posts\/139968"}],"collection":[{"href":"https:\/\/www.appisindicato.com.br\/site\/wp-json\/wp\/v2\/posts"}],"about":[{"href":"https:\/\/www.appisindicato.com.br\/site\/wp-json\/wp\/v2\/types\/post"}],"author":[{"embeddable":true,"href":"https:\/\/www.appisindicato.com.br\/site\/wp-json\/wp\/v2\/users\/2"}],"replies":[{"embeddable":true,"href":"https:\/\/www.appisindicato.com.br\/site\/wp-json\/wp\/v2\/comments?post=139968"}],"version-history":[{"count":3,"href":"https:\/\/www.appisindicato.com.br\/site\/wp-json\/wp\/v2\/posts\/139968\/revisions"}],"predecessor-version":[{"id":139977,"href":"https:\/\/www.appisindicato.com.br\/site\/wp-json\/wp\/v2\/posts\/139968\/revisions\/139977"}],"wp:featuredmedia":[{"embeddable":true,"href":"https:\/\/www.appisindicato.com.br\/site\/wp-json\/wp\/v2\/media\/139974"}],"wp:attachment":[{"href":"https:\/\/www.appisindicato.com.br\/site\/wp-json\/wp\/v2\/media?parent=139968"}],"wp:term":[{"taxonomy":"category","embeddable":true,"href":"https:\/\/www.appisindicato.com.br\/site\/wp-json\/wp\/v2\/categories?post=139968"},{"taxonomy":"post_tag","embeddable":true,"href":"https:\/\/www.appisindicato.com.br\/site\/wp-json\/wp\/v2\/tags?post=139968"}],"curies":[{"name":"wp","href":"https:\/\/api.w.org\/{rel}","templated":true}]}}