{"id":139978,"date":"2025-12-20T12:41:47","date_gmt":"2025-12-20T15:41:47","guid":{"rendered":"https:\/\/www.appisindicato.com.br\/site\/?p=139978"},"modified":"2025-12-20T12:41:47","modified_gmt":"2025-12-20T15:41:47","slug":"nota-de-repudio-3","status":"publish","type":"post","link":"https:\/\/www.appisindicato.com.br\/site\/2025\/12\/20\/nota-de-repudio-3\/","title":{"rendered":"NOTA DE REP\u00daDIO"},"content":{"rendered":"<p>Um peso e duas medidas.<\/p>\n<p>Por que o prefeito de Ilh\u00e9us, Valderico J\u00fanior, adota tratamento desigual entre os trabalhadores contratados da Educa\u00e7\u00e3o e os contratados das demais secretarias do munic\u00edpio?<\/p>\n<p>O Sindicato dos Trabalhadores em Educa\u00e7\u00e3o \u2013 APPI\/APLB vem a p\u00fablico manifestar seu total e absoluto rep\u00fadio \u00e0 decis\u00e3o injustific\u00e1vel do Executivo Municipal de negar o pagamento do 13\u00ba sal\u00e1rio exclusivamente aos profissionais contratados da Educa\u00e7\u00e3o, enquanto o benef\u00edcio foi assegurado aos contratados de outros setores.<\/p>\n<p>A medida \u00e9 inaceit\u00e1vel, fere o princ\u00edpio da isonomia e revela profundo desrespeito a uma categoria essencial para o desenvolvimento social, humano e econ\u00f4mico de Ilh\u00e9us. \u00c9 lament\u00e1vel que educadoras e educadores, que diariamente constroem o futuro da cidade, sejam tratados com indiferen\u00e7a e tenham seus direitos suprimidos de forma arbitr\u00e1ria.<\/p>\n<p>Ressaltamos que n\u00e3o somos contr\u00e1rios ao pagamento do 13\u00ba sal\u00e1rio aos trabalhadores contratados das demais secretarias. Ao contr\u00e1rio: defendemos que todos os trabalhadores e trabalhadoras tenham seus direitos garantidos. O que exigimos \u00e9 igualdade de tratamento, justi\u00e7a e respeito.<\/p>\n<p>A Educa\u00e7\u00e3o n\u00e3o pode ser penalizada.<br \/>\nA categoria merece valoriza\u00e7\u00e3o, n\u00e3o retrocessos.<\/p>\n<p>Informamos, ainda, que na manh\u00e3 deste s\u00e1bado o presidente da APPI\/APLB tentou contato com o prefeito de Ilh\u00e9us, sem obter \u00eaxito.<\/p>\n<p>Diretoria da APPI\/APLB.<\/p>\n","protected":false},"excerpt":{"rendered":"<p>Um peso e duas medidas. Por que o prefeito de Ilh\u00e9us, Valderico J\u00fanior, adota tratamento desigual entre os trabalhadores contratados da Educa\u00e7\u00e3o e os contratados das demais secretarias do munic\u00edpio? O Sindicato dos Trabalhadores em Educa\u00e7\u00e3o \u2013 APPI\/APLB vem a p\u00fablico manifestar seu total e absoluto rep\u00fadio \u00e0 decis\u00e3o injustific\u00e1vel do Executivo Municipal de negar o pagamento do 13\u00ba sal\u00e1rio exclusivamente aos profissionais contratados da Educa\u00e7\u00e3o, enquanto o benef\u00edcio foi assegurado aos contratados de outros setores. A medida \u00e9 inaceit\u00e1vel, fere o princ\u00edpio da isonomia e revela profundo desrespeito a uma categoria essencial para o desenvolvimento social, humano e econ\u00f4mico [&hellip;]<\/p>\n","protected":false},"author":2,"featured_media":139979,"comment_status":"open","ping_status":"closed","sticky":false,"template":"","format":"standard","meta":[],"categories":[4297],"tags":[4844,4252,4660,4291,4414],"_links":{"self":[{"href":"https:\/\/www.appisindicato.com.br\/site\/wp-json\/wp\/v2\/posts\/139978"}],"collection":[{"href":"https:\/\/www.appisindicato.com.br\/site\/wp-json\/wp\/v2\/posts"}],"about":[{"href":"https:\/\/www.appisindicato.com.br\/site\/wp-json\/wp\/v2\/types\/post"}],"author":[{"embeddable":true,"href":"https:\/\/www.appisindicato.com.br\/site\/wp-json\/wp\/v2\/users\/2"}],"replies":[{"embeddable":true,"href":"https:\/\/www.appisindicato.com.br\/site\/wp-json\/wp\/v2\/comments?post=139978"}],"version-history":[{"count":1,"href":"https:\/\/www.appisindicato.com.br\/site\/wp-json\/wp\/v2\/posts\/139978\/revisions"}],"predecessor-version":[{"id":139980,"href":"https:\/\/www.appisindicato.com.br\/site\/wp-json\/wp\/v2\/posts\/139978\/revisions\/139980"}],"wp:featuredmedia":[{"embeddable":true,"href":"https:\/\/www.appisindicato.com.br\/site\/wp-json\/wp\/v2\/media\/139979"}],"wp:attachment":[{"href":"https:\/\/www.appisindicato.com.br\/site\/wp-json\/wp\/v2\/media?parent=139978"}],"wp:term":[{"taxonomy":"category","embeddable":true,"href":"https:\/\/www.appisindicato.com.br\/site\/wp-json\/wp\/v2\/categories?post=139978"},{"taxonomy":"post_tag","embeddable":true,"href":"https:\/\/www.appisindicato.com.br\/site\/wp-json\/wp\/v2\/tags?post=139978"}],"curies":[{"name":"wp","href":"https:\/\/api.w.org\/{rel}","templated":true}]}}