{"id":139981,"date":"2025-12-22T11:53:44","date_gmt":"2025-12-22T14:53:44","guid":{"rendered":"https:\/\/www.appisindicato.com.br\/site\/?p=139981"},"modified":"2025-12-22T11:55:14","modified_gmt":"2025-12-22T14:55:14","slug":"139981","status":"publish","type":"post","link":"https:\/\/www.appisindicato.com.br\/site\/2025\/12\/22\/139981\/","title":{"rendered":"NOTA DE PESAR"},"content":{"rendered":"<p>A APPI\/APLB lamenta, com pesar, o falecimento do professor aposentado e pastor Jos\u00e9 Paulo Filho, da Escola Municipal Nossa Senhora das Neves. O corpo est\u00e1 sendo velado na sede da igreja Obra da Restaura\u00e7\u00e3o (nas imedia\u00e7\u00f5es do Centro Social Urbano). O enterro est\u00e1 marcado para as 16h, no Cemit\u00e9rio Reviver. Nossos sentimentos aos familiares e amigos.<br \/>\n<img loading=\"lazy\" class=\"aligncenter wp-image-139984 size-full\" src=\"https:\/\/www.appisindicato.com.br\/site\/wp-content\/uploads\/2025\/12\/WhatsApp-Image-2025-12-22-at-08.37.54-1.jpeg\" alt=\"\" width=\"563\" height=\"1000\" srcset=\"https:\/\/www.appisindicato.com.br\/site\/wp-content\/uploads\/2025\/12\/WhatsApp-Image-2025-12-22-at-08.37.54-1.jpeg 563w, https:\/\/www.appisindicato.com.br\/site\/wp-content\/uploads\/2025\/12\/WhatsApp-Image-2025-12-22-at-08.37.54-1-169x300.jpeg 169w\" sizes=\"(max-width: 563px) 100vw, 563px\" \/><\/p>\n","protected":false},"excerpt":{"rendered":"<p>A APPI\/APLB lamenta, com pesar, o falecimento do professor aposentado e pastor Jos\u00e9 Paulo Filho, da Escola Municipal Nossa Senhora das Neves. O corpo est\u00e1 sendo velado na sede da igreja Obra da Restaura\u00e7\u00e3o (nas imedia\u00e7\u00f5es do Centro Social Urbano). O enterro est\u00e1 marcado para as 16h, no Cemit\u00e9rio Reviver. Nossos sentimentos aos familiares e amigos.<\/p>\n","protected":false},"author":2,"featured_media":137569,"comment_status":"open","ping_status":"closed","sticky":false,"template":"","format":"standard","meta":[],"categories":[1],"tags":[4252,4845],"_links":{"self":[{"href":"https:\/\/www.appisindicato.com.br\/site\/wp-json\/wp\/v2\/posts\/139981"}],"collection":[{"href":"https:\/\/www.appisindicato.com.br\/site\/wp-json\/wp\/v2\/posts"}],"about":[{"href":"https:\/\/www.appisindicato.com.br\/site\/wp-json\/wp\/v2\/types\/post"}],"author":[{"embeddable":true,"href":"https:\/\/www.appisindicato.com.br\/site\/wp-json\/wp\/v2\/users\/2"}],"replies":[{"embeddable":true,"href":"https:\/\/www.appisindicato.com.br\/site\/wp-json\/wp\/v2\/comments?post=139981"}],"version-history":[{"count":3,"href":"https:\/\/www.appisindicato.com.br\/site\/wp-json\/wp\/v2\/posts\/139981\/revisions"}],"predecessor-version":[{"id":139986,"href":"https:\/\/www.appisindicato.com.br\/site\/wp-json\/wp\/v2\/posts\/139981\/revisions\/139986"}],"wp:featuredmedia":[{"embeddable":true,"href":"https:\/\/www.appisindicato.com.br\/site\/wp-json\/wp\/v2\/media\/137569"}],"wp:attachment":[{"href":"https:\/\/www.appisindicato.com.br\/site\/wp-json\/wp\/v2\/media?parent=139981"}],"wp:term":[{"taxonomy":"category","embeddable":true,"href":"https:\/\/www.appisindicato.com.br\/site\/wp-json\/wp\/v2\/categories?post=139981"},{"taxonomy":"post_tag","embeddable":true,"href":"https:\/\/www.appisindicato.com.br\/site\/wp-json\/wp\/v2\/tags?post=139981"}],"curies":[{"name":"wp","href":"https:\/\/api.w.org\/{rel}","templated":true}]}}