{"id":140106,"date":"2025-12-23T20:18:06","date_gmt":"2025-12-23T23:18:06","guid":{"rendered":"https:\/\/www.appisindicato.com.br\/site\/?p=140106"},"modified":"2025-12-23T20:22:20","modified_gmt":"2025-12-23T23:22:20","slug":"atencao-profissionais-da-educacao-de-ilheus","status":"publish","type":"post","link":"https:\/\/www.appisindicato.com.br\/site\/2025\/12\/23\/atencao-profissionais-da-educacao-de-ilheus\/","title":{"rendered":"ATEN\u00c7\u00c3O, profissionais da Educa\u00e7\u00e3o de Ilh\u00e9us"},"content":{"rendered":"<p>A prefeitura de Ilh\u00e9us tenta ludibriar a categoria com medidas populistas, ao anunciar a antecipa\u00e7\u00e3o do sal\u00e1rio de dezembro. Essa manobra n\u00e3o passa de uma cortina de fuma\u00e7a para esconder o verdadeiro problema: o n\u00e3o pagamento do 13\u00ba sal\u00e1rio e do 1\/3 de f\u00e9rias, direitos garantidos por lei a todos os trabalhadores da educa\u00e7\u00e3o.<\/p>\n<p>\u00c9 preciso deixar claro que, no rol de prioridades, cumprir obriga\u00e7\u00f5es trabalhistas n\u00e3o pode ser substitu\u00eddo por a\u00e7\u00f5es midi\u00e1ticas que apenas confundem e desmobilizam a categoria.<\/p>\n<p>A antecipa\u00e7\u00e3o de sal\u00e1rios n\u00e3o resolve a quest\u00e3o central: o descumprimento da legisla\u00e7\u00e3o trabalhista e o desrespeito aos profissionais que sustentam a educa\u00e7\u00e3o p\u00fablica da cidade.<\/p>\n<p>Portanto, n\u00e3o nos deixemos enganar. A luta deve permanecer firme e unida para exigir o que \u00e9 de direito: pagamento integral do 13\u00ba e das f\u00e9rias aos contratados.<\/p>\n","protected":false},"excerpt":{"rendered":"<p>A prefeitura de Ilh\u00e9us tenta ludibriar a categoria com medidas populistas, ao anunciar a antecipa\u00e7\u00e3o do sal\u00e1rio de dezembro. Essa manobra n\u00e3o passa de uma cortina de fuma\u00e7a para esconder o verdadeiro problema: o n\u00e3o pagamento do 13\u00ba sal\u00e1rio e do 1\/3 de f\u00e9rias, direitos garantidos por lei a todos os trabalhadores da educa\u00e7\u00e3o. \u00c9 preciso deixar claro que, no rol de prioridades, cumprir obriga\u00e7\u00f5es trabalhistas n\u00e3o pode ser substitu\u00eddo por a\u00e7\u00f5es midi\u00e1ticas que apenas confundem e desmobilizam a categoria. A antecipa\u00e7\u00e3o de sal\u00e1rios n\u00e3o resolve a quest\u00e3o central: o descumprimento da legisla\u00e7\u00e3o trabalhista e o desrespeito aos profissionais que [&hellip;]<\/p>\n","protected":false},"author":2,"featured_media":140107,"comment_status":"open","ping_status":"closed","sticky":false,"template":"","format":"standard","meta":[],"categories":[4297],"tags":[4844,4252,4660,4621,4291],"_links":{"self":[{"href":"https:\/\/www.appisindicato.com.br\/site\/wp-json\/wp\/v2\/posts\/140106"}],"collection":[{"href":"https:\/\/www.appisindicato.com.br\/site\/wp-json\/wp\/v2\/posts"}],"about":[{"href":"https:\/\/www.appisindicato.com.br\/site\/wp-json\/wp\/v2\/types\/post"}],"author":[{"embeddable":true,"href":"https:\/\/www.appisindicato.com.br\/site\/wp-json\/wp\/v2\/users\/2"}],"replies":[{"embeddable":true,"href":"https:\/\/www.appisindicato.com.br\/site\/wp-json\/wp\/v2\/comments?post=140106"}],"version-history":[{"count":2,"href":"https:\/\/www.appisindicato.com.br\/site\/wp-json\/wp\/v2\/posts\/140106\/revisions"}],"predecessor-version":[{"id":140109,"href":"https:\/\/www.appisindicato.com.br\/site\/wp-json\/wp\/v2\/posts\/140106\/revisions\/140109"}],"wp:featuredmedia":[{"embeddable":true,"href":"https:\/\/www.appisindicato.com.br\/site\/wp-json\/wp\/v2\/media\/140107"}],"wp:attachment":[{"href":"https:\/\/www.appisindicato.com.br\/site\/wp-json\/wp\/v2\/media?parent=140106"}],"wp:term":[{"taxonomy":"category","embeddable":true,"href":"https:\/\/www.appisindicato.com.br\/site\/wp-json\/wp\/v2\/categories?post=140106"},{"taxonomy":"post_tag","embeddable":true,"href":"https:\/\/www.appisindicato.com.br\/site\/wp-json\/wp\/v2\/tags?post=140106"}],"curies":[{"name":"wp","href":"https:\/\/api.w.org\/{rel}","templated":true}]}}