{"id":140196,"date":"2026-01-23T16:15:41","date_gmt":"2026-01-23T19:15:41","guid":{"rendered":"https:\/\/www.appisindicato.com.br\/site\/?p=140196"},"modified":"2026-01-23T16:32:20","modified_gmt":"2026-01-23T19:32:20","slug":"appi-encaminha-oficio-ao-governo-reivindicando-o-pagamento-do-piso-salarial-aos-professores-contratados","status":"publish","type":"post","link":"https:\/\/www.appisindicato.com.br\/site\/2026\/01\/23\/appi-encaminha-oficio-ao-governo-reivindicando-o-pagamento-do-piso-salarial-aos-professores-contratados\/","title":{"rendered":"APPI encaminha of\u00edcio ao governo reivindicando o pagamento do Piso Salarial aos professores contratados"},"content":{"rendered":"<p>A APPI\/APLB encaminhou, nesta sexta-feira (23), of\u00edcio \u00e0 secret\u00e1ria municipal de Educa\u00e7\u00e3o de Ilh\u00e9us, professora Evani Cavalcanti, solicitando o pagamento do Piso Salarial da categoria aos professores contratados pela Prefeitura.<\/p>\n<p>De acordo com o presidente da APPI, Osman Nogueira, o pedido \u00e9 que este pagamento ocorra com o devido reajuste do piso, no valor de R$ 5.130,63.<\/p>\n<p>O Piso Salarial Nacional do Magist\u00e9rio \u00e9 o valor m\u00ednimo que os professores da rede p\u00fablica de educa\u00e7\u00e3o b\u00e1sica (da educa\u00e7\u00e3o infantil ao ensino m\u00e9dio) devem receber em todo o Brasil. Ele foi institu\u00eddo pela Lei n\u00ba 11.738\/2008 e serve como uma base obrigat\u00f3ria: estados e munic\u00edpios n\u00e3o podem pagar um vencimento inicial abaixo desse montante para uma jornada de at\u00e9 40 horas semanais.<\/p>\n<p><img loading=\"lazy\" class=\"aligncenter wp-image-140200 size-full\" src=\"https:\/\/www.appisindicato.com.br\/site\/wp-content\/uploads\/2026\/01\/WhatsApp-Image-2026-01-23-at-16.18.35-1.jpeg\" alt=\"\" width=\"708\" height=\"1000\" srcset=\"https:\/\/www.appisindicato.com.br\/site\/wp-content\/uploads\/2026\/01\/WhatsApp-Image-2026-01-23-at-16.18.35-1.jpeg 708w, https:\/\/www.appisindicato.com.br\/site\/wp-content\/uploads\/2026\/01\/WhatsApp-Image-2026-01-23-at-16.18.35-1-212x300.jpeg 212w\" sizes=\"(max-width: 708px) 100vw, 708px\" \/><\/p>\n","protected":false},"excerpt":{"rendered":"<p>A APPI\/APLB encaminhou, nesta sexta-feira (23), of\u00edcio \u00e0 secret\u00e1ria municipal de Educa\u00e7\u00e3o de Ilh\u00e9us, professora Evani Cavalcanti, solicitando o pagamento do Piso Salarial da categoria aos professores contratados pela Prefeitura. De acordo com o presidente da APPI, Osman Nogueira, o pedido \u00e9 que este pagamento ocorra com o devido reajuste do piso, no valor de R$ 5.130,63. O Piso Salarial Nacional do Magist\u00e9rio \u00e9 o valor m\u00ednimo que os professores da rede p\u00fablica de educa\u00e7\u00e3o b\u00e1sica (da educa\u00e7\u00e3o infantil ao ensino m\u00e9dio) devem receber em todo o Brasil. Ele foi institu\u00eddo pela Lei n\u00ba 11.738\/2008 e serve como uma base [&hellip;]<\/p>\n","protected":false},"author":2,"featured_media":140158,"comment_status":"open","ping_status":"closed","sticky":false,"template":"","format":"standard","meta":[],"categories":[1],"tags":[4252,4660,4843],"_links":{"self":[{"href":"https:\/\/www.appisindicato.com.br\/site\/wp-json\/wp\/v2\/posts\/140196"}],"collection":[{"href":"https:\/\/www.appisindicato.com.br\/site\/wp-json\/wp\/v2\/posts"}],"about":[{"href":"https:\/\/www.appisindicato.com.br\/site\/wp-json\/wp\/v2\/types\/post"}],"author":[{"embeddable":true,"href":"https:\/\/www.appisindicato.com.br\/site\/wp-json\/wp\/v2\/users\/2"}],"replies":[{"embeddable":true,"href":"https:\/\/www.appisindicato.com.br\/site\/wp-json\/wp\/v2\/comments?post=140196"}],"version-history":[{"count":3,"href":"https:\/\/www.appisindicato.com.br\/site\/wp-json\/wp\/v2\/posts\/140196\/revisions"}],"predecessor-version":[{"id":140201,"href":"https:\/\/www.appisindicato.com.br\/site\/wp-json\/wp\/v2\/posts\/140196\/revisions\/140201"}],"wp:featuredmedia":[{"embeddable":true,"href":"https:\/\/www.appisindicato.com.br\/site\/wp-json\/wp\/v2\/media\/140158"}],"wp:attachment":[{"href":"https:\/\/www.appisindicato.com.br\/site\/wp-json\/wp\/v2\/media?parent=140196"}],"wp:term":[{"taxonomy":"category","embeddable":true,"href":"https:\/\/www.appisindicato.com.br\/site\/wp-json\/wp\/v2\/categories?post=140196"},{"taxonomy":"post_tag","embeddable":true,"href":"https:\/\/www.appisindicato.com.br\/site\/wp-json\/wp\/v2\/tags?post=140196"}],"curies":[{"name":"wp","href":"https:\/\/api.w.org\/{rel}","templated":true}]}}