{"id":140619,"date":"2026-04-29T11:38:52","date_gmt":"2026-04-29T14:38:52","guid":{"rendered":"https:\/\/www.appisindicato.com.br\/site\/?p=140619"},"modified":"2026-04-29T11:39:36","modified_gmt":"2026-04-29T14:39:36","slug":"appi-aplb-apresenta-contraproposta-ao-governo-e-categoria-volta-a-se-reunir-nesta-quinta-para-deliberar-sobre-campanha-salarial","status":"publish","type":"post","link":"https:\/\/www.appisindicato.com.br\/site\/2026\/04\/29\/appi-aplb-apresenta-contraproposta-ao-governo-e-categoria-volta-a-se-reunir-nesta-quinta-para-deliberar-sobre-campanha-salarial\/","title":{"rendered":"APPI apresenta contraproposta ao governo e categoria volta a se reunir amanh\u00e3 (30) para deliberar sobre campanha salarial"},"content":{"rendered":"<p>Em continuidade \u00e0s negocia\u00e7\u00f5es da campanha salarial 2026, representantes da APPI\/APLB participaram, hoje (29), de mais uma rodada de reuni\u00e3o com o Executivo Municipal. O encontro ocorreu ap\u00f3s a assembleia realizada na \u00faltima segunda-feira (27), quando a categoria rejeitou por unanimidade, pela segunda vez, as propostas apresentadas pela gest\u00e3o municipal.<\/p>\n<p>Durante a reuni\u00e3o, o sindicato apresentou uma contraproposta constru\u00edda a partir das delibera\u00e7\u00f5es da categoria. Em resposta, o Executivo apresentou novos encaminhamentos sobre pontos centrais da pauta de reivindica\u00e7\u00f5es.<\/p>\n<p>Sobre a carreira dos trabalhadores n\u00e3o docentes, o Executivo afirmou que garante o pagamento do in\u00edcio da carreira. No entanto, n\u00e3o assegura o cumprimento integral da tabela salarial, propondo percentuais reduzidos para os servidores que j\u00e1 se encontram em n\u00edveis mais avan\u00e7ados da progress\u00e3o funcional. O sindicato considera a proposta inaceit\u00e1vel, por entender que compromete ganhos reais j\u00e1 conquistados pelos trabalhadores ao longo da carreira.<\/p>\n<p>No que diz respeito ao retroativo e ao pagamento do \u00edndice para os docentes, a gest\u00e3o municipal alegou limita\u00e7\u00f5es financeiras para quitar os valores referentes aos meses de janeiro, fevereiro e mar\u00e7o. Como alternativa, prop\u00f4s aplicar o \u00edndice de reajuste na tabela dos professores efetivos e contratados apenas a partir do m\u00eas de abril.<\/p>\n<p>Em rela\u00e7\u00e3o ao ticket alimenta\u00e7\u00e3o, o governo municipal informou que o tema ser\u00e1 tratado em mesa unificada de negocia\u00e7\u00e3o com os demais sindicatos do funcionalismo: SINDICACS, SINATRAM e SINDGUARDA, al\u00e9m da pr\u00f3pria APPI\/APLB.<\/p>\n<p>Todas as informa\u00e7\u00f5es e contrapropostas discutidas ser\u00e3o levadas \u00e0 aprecia\u00e7\u00e3o da categoria durante assembleia marcada para a pr\u00f3xima quinta-feira (30). Na ocasi\u00e3o, os trabalhadores em educa\u00e7\u00e3o ir\u00e3o deliberar coletivamente sobre os encaminhamentos da campanha salarial e os pr\u00f3ximos passos da mobiliza\u00e7\u00e3o.<\/p>\n<p><img loading=\"lazy\" class=\"aligncenter wp-image-140626 size-full\" src=\"https:\/\/www.appisindicato.com.br\/site\/wp-content\/uploads\/2026\/04\/WhatsApp-Image-2026-04-29-at-09.27.33.jpeg\" alt=\"\" width=\"800\" height=\"802\" srcset=\"https:\/\/www.appisindicato.com.br\/site\/wp-content\/uploads\/2026\/04\/WhatsApp-Image-2026-04-29-at-09.27.33.jpeg 800w, https:\/\/www.appisindicato.com.br\/site\/wp-content\/uploads\/2026\/04\/WhatsApp-Image-2026-04-29-at-09.27.33-300x300.jpeg 300w, https:\/\/www.appisindicato.com.br\/site\/wp-content\/uploads\/2026\/04\/WhatsApp-Image-2026-04-29-at-09.27.33-150x150.jpeg 150w, https:\/\/www.appisindicato.com.br\/site\/wp-content\/uploads\/2026\/04\/WhatsApp-Image-2026-04-29-at-09.27.33-768x770.jpeg 768w, https:\/\/www.appisindicato.com.br\/site\/wp-content\/uploads\/2026\/04\/WhatsApp-Image-2026-04-29-at-09.27.33-180x180.jpeg 180w, https:\/\/www.appisindicato.com.br\/site\/wp-content\/uploads\/2026\/04\/WhatsApp-Image-2026-04-29-at-09.27.33-400x400.jpeg 400w\" sizes=\"(max-width: 800px) 100vw, 800px\" \/><img loading=\"lazy\" class=\"aligncenter wp-image-140627 size-full\" src=\"https:\/\/www.appisindicato.com.br\/site\/wp-content\/uploads\/2026\/04\/6d46030a-3c30-4d8f-9e2b-8a65689b9ad2.jpeg\" alt=\"\" width=\"800\" height=\"600\" srcset=\"https:\/\/www.appisindicato.com.br\/site\/wp-content\/uploads\/2026\/04\/6d46030a-3c30-4d8f-9e2b-8a65689b9ad2.jpeg 800w, https:\/\/www.appisindicato.com.br\/site\/wp-content\/uploads\/2026\/04\/6d46030a-3c30-4d8f-9e2b-8a65689b9ad2-300x225.jpeg 300w, https:\/\/www.appisindicato.com.br\/site\/wp-content\/uploads\/2026\/04\/6d46030a-3c30-4d8f-9e2b-8a65689b9ad2-768x576.jpeg 768w, https:\/\/www.appisindicato.com.br\/site\/wp-content\/uploads\/2026\/04\/6d46030a-3c30-4d8f-9e2b-8a65689b9ad2-180x135.jpeg 180w, https:\/\/www.appisindicato.com.br\/site\/wp-content\/uploads\/2026\/04\/6d46030a-3c30-4d8f-9e2b-8a65689b9ad2-400x300.jpeg 400w, https:\/\/www.appisindicato.com.br\/site\/wp-content\/uploads\/2026\/04\/6d46030a-3c30-4d8f-9e2b-8a65689b9ad2-600x450.jpeg 600w\" sizes=\"(max-width: 800px) 100vw, 800px\" \/><\/p>\n<p>&nbsp;<\/p>\n","protected":false},"excerpt":{"rendered":"<p>Em continuidade \u00e0s negocia\u00e7\u00f5es da campanha salarial 2026, representantes da APPI\/APLB participaram, hoje (29), de mais uma rodada de reuni\u00e3o com o Executivo Municipal. O encontro ocorreu ap\u00f3s a assembleia realizada na \u00faltima segunda-feira (27), quando a categoria rejeitou por unanimidade, pela segunda vez, as propostas apresentadas pela gest\u00e3o municipal. Durante a reuni\u00e3o, o sindicato apresentou uma contraproposta constru\u00edda a partir das delibera\u00e7\u00f5es da categoria. Em resposta, o Executivo apresentou novos encaminhamentos sobre pontos centrais da pauta de reivindica\u00e7\u00f5es. Sobre a carreira dos trabalhadores n\u00e3o docentes, o Executivo afirmou que garante o pagamento do in\u00edcio da carreira. No entanto, n\u00e3o [&hellip;]<\/p>\n","protected":false},"author":2,"featured_media":140625,"comment_status":"open","ping_status":"closed","sticky":false,"template":"","format":"standard","meta":[],"categories":[4446],"tags":[4252,4422,4493,4303],"_links":{"self":[{"href":"https:\/\/www.appisindicato.com.br\/site\/wp-json\/wp\/v2\/posts\/140619"}],"collection":[{"href":"https:\/\/www.appisindicato.com.br\/site\/wp-json\/wp\/v2\/posts"}],"about":[{"href":"https:\/\/www.appisindicato.com.br\/site\/wp-json\/wp\/v2\/types\/post"}],"author":[{"embeddable":true,"href":"https:\/\/www.appisindicato.com.br\/site\/wp-json\/wp\/v2\/users\/2"}],"replies":[{"embeddable":true,"href":"https:\/\/www.appisindicato.com.br\/site\/wp-json\/wp\/v2\/comments?post=140619"}],"version-history":[{"count":6,"href":"https:\/\/www.appisindicato.com.br\/site\/wp-json\/wp\/v2\/posts\/140619\/revisions"}],"predecessor-version":[{"id":140630,"href":"https:\/\/www.appisindicato.com.br\/site\/wp-json\/wp\/v2\/posts\/140619\/revisions\/140630"}],"wp:featuredmedia":[{"embeddable":true,"href":"https:\/\/www.appisindicato.com.br\/site\/wp-json\/wp\/v2\/media\/140625"}],"wp:attachment":[{"href":"https:\/\/www.appisindicato.com.br\/site\/wp-json\/wp\/v2\/media?parent=140619"}],"wp:term":[{"taxonomy":"category","embeddable":true,"href":"https:\/\/www.appisindicato.com.br\/site\/wp-json\/wp\/v2\/categories?post=140619"},{"taxonomy":"post_tag","embeddable":true,"href":"https:\/\/www.appisindicato.com.br\/site\/wp-json\/wp\/v2\/tags?post=140619"}],"curies":[{"name":"wp","href":"https:\/\/api.w.org\/{rel}","templated":true}]}}